{"id":1151,"date":"2020-09-17T22:36:29","date_gmt":"2020-09-17T22:36:29","guid":{"rendered":"http:\/\/aboutcom.com.br\/pt\/?p=1151"},"modified":"2025-08-01T13:02:44","modified_gmt":"2025-08-01T13:02:44","slug":"segmentacao-e-especializacao-para-o-mercado-b2b","status":"publish","type":"post","link":"https:\/\/aboutcom.com.br\/en\/segmentacao-e-especializacao-para-o-mercado-b2b\/","title":{"rendered":"Segmenta\u00e7\u00e3o e especializa\u00e7\u00e3o como estrat\u00e9gia de assertividade para o mercado B2B"},"content":{"rendered":"<p><span style=\"font-weight: 400;\">Se posicionar positivamente dentro do mercado de atua\u00e7\u00e3o, com reconhecimento e visibilidade, \u00e9 uma forma de atrair e gerar neg\u00f3cios qualificados, e construir um relacionamento duradouro e s\u00f3lido.<\/span><\/p>\n<p><span style=\"font-weight: 400;\">Ainda assim, para <\/span><a href=\"http:\/\/aboutcom.com.br\/pt\/conheca-etapas-importantes-para-um-planejamento-efetivo-de-comunicacao-para-o-mercado-de-tecnologia\/#t2h\"><span style=\"font-weight: 400;\">construir um planejamento eficiente para o mercado B2B de tecnologia<\/span><\/a><span style=\"font-weight: 400;\">, n\u00e3o basta estar presente na m\u00eddia especializada. \u00c9 necess\u00e1rio falar com quem ser\u00e1 beneficiado pelas solu\u00e7\u00f5es promovidas pela empresa.<\/span><\/p>\n<p><span style=\"font-weight: 400;\">Para acessar o cliente-foco e atender aos objetivos de neg\u00f3cios, trabalhar a comunica\u00e7\u00e3o est\u00e9tica de uma empresa de tecnologia requer conhecimentos especializados sobre o setor e tamb\u00e9m sobre quem consome tecnologia.<\/span><\/p>\n<p><span style=\"font-weight: 400;\">A especializa\u00e7\u00e3o no nicho de tecnologia e inova\u00e7\u00e3o permite conhecer a fundo o perfil deste cliente. E pode ser a chave para a assertividade das pr\u00e1ticas de comunica\u00e7\u00e3o, que precisam traduzir as mensagens e valores do neg\u00f3cio para o p\u00fablico em geral e tornar o assunto interessante e parte do seu contexto.\u00a0<\/span><\/p>\n<p><span style=\"font-weight: 400;\">Ao mesmo tempo, integrar na estrat\u00e9gia a\u00e7\u00f5es que promovam o compartilhamento de conhecimento de pessoa para pessoa<\/span><i><span style=\"font-weight: 400;\">, <\/span><\/i><span style=\"font-weight: 400;\">pode aproximar quem entende de tecnologia e quem \u00e9 o cliente-foco da estrat\u00e9gia de neg\u00f3cios.\u00a0<\/span><\/p>\n<p><span style=\"font-weight: 400;\">Uma das formas \u00e9 pelo posicionamento de CEOs e outros especialistas que ir\u00e3o dialogar com o p\u00fablico em uma narrativa \u00fanica e humanizada. Neste post falamos mais sobre como a segmenta\u00e7\u00e3o e a especializa\u00e7\u00e3o atuam como estrat\u00e9gia de assertividade para sua comunica\u00e7\u00e3o no mercado <\/span><i><span style=\"font-weight: 400;\">tech<\/span><\/i><span style=\"font-weight: 400;\"> B2B.<\/span><\/p>\n<h2><span style=\"font-weight: 400;\">Comunica\u00e7\u00e3o feita por quem entende de neg\u00f3cios e tecnologia\u00a0<\/span><\/h2>\n<p><span style=\"font-weight: 400;\">Suponhamos que uma solu\u00e7\u00e3o <\/span><i><span style=\"font-weight: 400;\">tech<\/span><\/i><span style=\"font-weight: 400;\"> de nicho esteja buscando resolver as dores e problemas de empresas que atuam no mercado do agroneg\u00f3cio. Estas personas dificilmente v\u00e3o buscar informa\u00e7\u00f5es em meios de comunica\u00e7\u00e3o especializados em tecnologia, n\u00e3o \u00e9 mesmo?<\/span><\/p>\n<p><span style=\"font-weight: 400;\">Ainda que isso permita visibilidade entre o setor <\/span><i><span style=\"font-weight: 400;\">tech<\/span><\/i><span style=\"font-weight: 400;\">, as tecnologias e solu\u00e7\u00f5es produzidas pelas empresas hoje est\u00e3o dispon\u00edveis para o grande p\u00fablico e, por isso, s\u00e3o de interesse tamb\u00e9m para outras editorias.\u00a0<\/span><\/p>\n<p><span style=\"font-weight: 400;\">A m\u00eddia especializada em tecnologia \u00e9 o m\u00ednimo que deve estar inclu\u00eddo em um planejamento. \u00c9 necess\u00e1rio ir al\u00e9m do \u201cfeij\u00e3o com arroz\u201d e construir uma comunica\u00e7\u00e3o eficaz e integrada em todas as etapas do funil de influ\u00eancia, entendendo os reais impactos das inova\u00e7\u00f5es e tecnologias nas pessoas.\u00a0<\/span><\/p>\n<p><span style=\"font-weight: 400;\">Mas como colocar isso em pr\u00e1tica?<\/span><\/p>\n<h2><span style=\"font-weight: 400;\">Ao infinito e al\u00e9m.. do trade!<\/span><\/h2>\n<p><span style=\"font-weight: 400;\">Primeiro, a estrat\u00e9gia de comunica\u00e7\u00e3o B2B e relacionamento com a imprensa deve ser pensada e consolidada por quem entende de jornalismo e assessoria de imprensa, de marketing, mas tamb\u00e9m de tecnologia, aplicada \u00e0 diferentes frentes.\u00a0<\/span><\/p>\n<p><span style=\"font-weight: 400;\">\u00c9 preciso contar com um parceiro de comunica\u00e7\u00e3o que possua a capacidade de compreender o neg\u00f3cio do cliente em sua especificidade e traduzi-lo em mensagens e canais de comunica\u00e7\u00e3o que contemplam o comportamento, as necessidade e as dores da persona.\u00a0<\/span><\/p>\n<p><a href=\"http:\/\/aboutcom.com.br\/pt\/3-vantagens-em-contratar-uma-agencia-de-comunicacao-especializada-em-tecnologia\/#t2h\"><span style=\"font-weight: 400;\">Aqui no blog da aboutCOM n\u00f3s j\u00e1 listamos algumas das vantagens dessa parceria<\/span><\/a><span style=\"font-weight: 400;\">.<\/span><\/p>\n<p><span style=\"font-weight: 400;\">A experi\u00eancia e os relacionamentos criados pelas pessoas que atuam com comunica\u00e7\u00e3o focada no setor de tecnologia permitem que o servi\u00e7o oferecido seja ainda mais assertivo.<\/span><\/p>\n<p><span style=\"font-weight: 400;\">Com o conhecimento adquirido pelo time especializado, a comunica\u00e7\u00e3o vai al\u00e9m de s\u00f3 reter a informa\u00e7\u00e3o, mas a transforma em oportunidades que extrapolam as <\/span><a href=\"http:\/\/aboutcom.com.br\/pt\/ha-felicidade-alem-do-trade\/#t2h\"><span style=\"font-weight: 400;\">a\u00e7\u00f5es de trade<\/span><\/a><span style=\"font-weight: 400;\">.\u00a0<\/span><\/p>\n<p><span style=\"font-weight: 400;\">Como costumamos falar aqui na aboutCOM, isso \u00e9 poss\u00edvel a partir da constru\u00e7\u00e3o de um bom planejamento de comunica\u00e7\u00e3o que \u00e9 <\/span><a href=\"http:\/\/aboutcom.com.br\/pt\/como-construir-uma-comunicacao-estrategica-e-humana-no-b2b\/#t2h\"><span style=\"font-weight: 400;\">traduzido em uma comunica\u00e7\u00e3o T2H<\/span><\/a><span style=\"font-weight: 400;\">.\u00a0<\/span><\/p>\n<p><span style=\"font-weight: 400;\">Este planejamento \u00e9 a forma de garantir que a empresa construa uma narrativa \u00fanica e s\u00f3lida em todos os canais de comunica\u00e7\u00e3o e etapas do funil, considerando as personas do neg\u00f3cio.\u00a0<\/span><\/p>\n<p><span style=\"font-weight: 400;\">Enquanto a segmenta\u00e7\u00e3o e a especializa\u00e7\u00e3o em tecnologia permitem que se traduza os valores de uma determinada empresa, considerando os melhores canais e formas de expressar essa mensagem \u00fanica em cada um destes meios (que possuem suas linguagens e regras espec\u00edficas), contemplados no planejamento e na execu\u00e7\u00e3o.<\/span><\/p>\n<h2><span style=\"font-weight: 400;\">Especializa\u00e7\u00e3o T2H: tech to human<\/span><\/h2>\n<p><span style=\"font-weight: 400;\">Junto do <\/span><a href=\"http:\/\/aboutcom.com.br\/pt\/assessoria-de-imprensa-os-segredos-de-uma-contratacao-eficaz\/#t2h\"><span style=\"font-weight: 400;\">trabalho da assessoria de imprensa<\/span><\/a><span style=\"font-weight: 400;\"> com diversifica\u00e7\u00e3o de mailing, h\u00e1 outras estrat\u00e9gias que devem ser empregadas para a consolida\u00e7\u00e3o de <\/span><a href=\"http:\/\/aboutcom.com.br\/pt\/como-ecomunicacao-integrada-aplicada-a-empresas-de-tecnologia\/#t2h\"><span style=\"font-weight: 400;\">uma comunica\u00e7\u00e3o integrada<\/span><\/a><span style=\"font-weight: 400;\">, que trabalhe todas as etapas da jornada do cliente no funil de vendas, consolidando a imagem da empresa.\u00a0<\/span><\/p>\n<p><span style=\"font-weight: 400;\">O entendimento detalhado da persona torna poss\u00edvel que a comunica\u00e7\u00e3o estabelecida realmente <\/span><b>transmita os reais impactos e benef\u00edcios das inova\u00e7\u00f5es daquela empresa na vida destas pessoas.<\/b><\/p>\n<h3><span style=\"font-weight: 400;\">A humaniza\u00e7\u00e3o da comunica\u00e7\u00e3o no setor<\/span><i><span style=\"font-weight: 400;\"> tech<\/span><\/i><\/h3>\n<p><span style=\"font-weight: 400;\">T2H \u00e9 uma prerrogativa que nasceu da experi\u00eancia de anos trabalhando com a especialidade da comunica\u00e7\u00e3o voltada para o segmento de tecnologia e inova\u00e7\u00e3o e que se reflete em planejamentos especialmente pensados para ajudar cada cliente a ir mais longe e conquistar seus objetivos de neg\u00f3cios.<\/span><\/p>\n<p><span style=\"font-weight: 400;\">Um <\/span><a href=\"http:\/\/conteudo.aboutcom.com.br\/caso-de-sucesso-comunicacao-tecnologia-orange\"><span style=\"font-weight: 400;\">caso de sucesso \u00e9 o da<\/span><b> Orange Business Service<\/b><\/a><span style=\"font-weight: 400;\">. Com o planejamento integrado em comunica\u00e7\u00e3o, escolhemos agir com a diversifica\u00e7\u00e3o dos canais de mailing para superar o desafio de chegar aos compradores das diversas ind\u00fastrias-foco do cliente.<\/span><\/p>\n<p><span style=\"font-weight: 400;\">Junto disso, constru\u00edmos conte\u00fados que acessam estes potenciais compradores a partir da gera\u00e7\u00e3o de conhecimento para as personas definidas. Estrat\u00e9gias que tornaram poss\u00edvel a Orange acessar a ind\u00fastria mar\u00edtima e a ind\u00fastria mineradora, por exemplo.<\/span><\/p>\n<p><span style=\"font-weight: 400;\">Mais do que construir uma comunica\u00e7\u00e3o que se baseia em m\u00eddias especializadas ou mensagens que se conectem \u00e0s necessidades, a estrat\u00e9gia <\/span><b>T2H <\/b><span style=\"font-weight: 400;\">tra\u00e7a as melhores formas para a empresa de tecnologia conversar com os desejos e sonhos de suas personas do mercado B2B.\u00a0<\/span><\/p>\n<p><span style=\"font-weight: 400;\">O resultado, \u00e9 claro, foi e continua sendo a atra\u00e7\u00e3o de clientes diversificados que estavam no foco do cliente ao tra\u00e7ar os objetivos de neg\u00f3cios.<\/span><\/p>\n","protected":false},"excerpt":{"rendered":"<p>Conhecer a fundo o perfil do cliente pode ser a chave para a comunica\u00e7\u00e3o B2B<\/p>\n","protected":false},"author":2,"featured_media":1153,"comment_status":"open","ping_status":"open","sticky":false,"template":"","format":"standard","meta":{"_acf_changed":false,"inline_featured_image":false,"footnotes":""},"categories":[220,222],"tags":[],"class_list":["post-1151","post","type-post","status-publish","format-standard","has-post-thumbnail","hentry","category-conhecimento","category-t2h-conhecimento"],"blocksy_meta":[],"acf":[],"yoast_head":"<!-- This site is optimized with the Yoast SEO plugin v27.5 - https:\/\/yoast.com\/product\/yoast-seo-wordpress\/ -->\n<title>Segmenta\u00e7\u00e3o e especializa\u00e7\u00e3o como estrat\u00e9gia de assertividade para o mercado B2B<\/title>\n<meta name=\"description\" content=\"Conhecer a fundo o perfil do cliente pode ser a chave para a comunica\u00e7\u00e3o B2B\" \/>\n<meta name=\"robots\" content=\"index, follow, max-snippet:-1, max-image-preview:large, max-video-preview:-1\" \/>\n<link rel=\"canonical\" href=\"https:\/\/aboutcom.com.br\/en\/segmentacao-e-especializacao-para-o-mercado-b2b\/\" \/>\n<meta property=\"og:locale\" content=\"en_US\" \/>\n<meta property=\"og:locale:alternate\" content=\"pt_BR\" \/>\n<meta property=\"og:locale:alternate\" content=\"es_ES\" \/>\n<meta property=\"og:type\" content=\"article\" \/>\n<meta property=\"og:title\" content=\"Segmenta\u00e7\u00e3o e especializa\u00e7\u00e3o como estrat\u00e9gia de assertividade para o mercado B2B\" \/>\n<meta property=\"og:description\" content=\"Conhecer a fundo o perfil do cliente pode ser a chave para a comunica\u00e7\u00e3o B2B\" \/>\n<meta property=\"og:url\" content=\"https:\/\/aboutcom.com.br\/en\/segmentacao-e-especializacao-para-o-mercado-b2b\/\" \/>\n<meta property=\"og:site_name\" content=\"Aboutcom\" \/>\n<meta property=\"article:published_time\" content=\"2020-09-17T22:36:29+00:00\" \/>\n<meta property=\"article:modified_time\" content=\"2025-08-01T13:02:44+00:00\" \/>\n<meta property=\"og:image\" content=\"https:\/\/aboutcom.com.br\/wp-content\/uploads\/2020\/09\/pexels-polina-zimmerman-3782226.jpg\" \/>\n\t<meta property=\"og:image:width\" content=\"1280\" \/>\n\t<meta property=\"og:image:height\" content=\"1920\" \/>\n\t<meta property=\"og:image:type\" content=\"image\/jpeg\" \/>\n<meta name=\"author\" content=\"Flavia Sobral\" \/>\n<meta name=\"twitter:card\" content=\"summary_large_image\" \/>\n<meta name=\"twitter:label1\" content=\"Written by\" \/>\n\t<meta name=\"twitter:data1\" content=\"Flavia Sobral\" \/>\n\t<meta name=\"twitter:label2\" content=\"Est. reading time\" \/>\n\t<meta name=\"twitter:data2\" content=\"5 minutes\" \/>\n<script type=\"application\/ld+json\" class=\"yoast-schema-graph\">{\"@context\":\"https:\\\/\\\/schema.org\",\"@graph\":[{\"@type\":\"Article\",\"@id\":\"https:\\\/\\\/aboutcom.com.br\\\/pt\\\/segmentacao-e-especializacao-para-o-mercado-b2b\\\/#article\",\"isPartOf\":{\"@id\":\"https:\\\/\\\/aboutcom.com.br\\\/pt\\\/segmentacao-e-especializacao-para-o-mercado-b2b\\\/\"},\"author\":{\"name\":\"Flavia Sobral\",\"@id\":\"https:\\\/\\\/aboutcom.com.br\\\/pt\\\/#\\\/schema\\\/person\\\/eda43d487a8de94df327ff97ce94ab2b\"},\"headline\":\"Segmenta\u00e7\u00e3o e especializa\u00e7\u00e3o como estrat\u00e9gia de assertividade para o mercado B2B\",\"datePublished\":\"2020-09-17T22:36:29+00:00\",\"dateModified\":\"2025-08-01T13:02:44+00:00\",\"mainEntityOfPage\":{\"@id\":\"https:\\\/\\\/aboutcom.com.br\\\/pt\\\/segmentacao-e-especializacao-para-o-mercado-b2b\\\/\"},\"wordCount\":994,\"commentCount\":0,\"publisher\":{\"@id\":\"https:\\\/\\\/aboutcom.com.br\\\/pt\\\/#organization\"},\"image\":{\"@id\":\"https:\\\/\\\/aboutcom.com.br\\\/pt\\\/segmentacao-e-especializacao-para-o-mercado-b2b\\\/#primaryimage\"},\"thumbnailUrl\":\"https:\\\/\\\/aboutcom.com.br\\\/wp-content\\\/uploads\\\/2020\\\/09\\\/pexels-polina-zimmerman-3782226.jpg\",\"articleSection\":[\"Conhecimento\",\"T2H\"],\"inLanguage\":\"en-US\",\"potentialAction\":[{\"@type\":\"CommentAction\",\"name\":\"Comment\",\"target\":[\"https:\\\/\\\/aboutcom.com.br\\\/pt\\\/segmentacao-e-especializacao-para-o-mercado-b2b\\\/#respond\"]}]},{\"@type\":\"WebPage\",\"@id\":\"https:\\\/\\\/aboutcom.com.br\\\/pt\\\/segmentacao-e-especializacao-para-o-mercado-b2b\\\/\",\"url\":\"https:\\\/\\\/aboutcom.com.br\\\/pt\\\/segmentacao-e-especializacao-para-o-mercado-b2b\\\/\",\"name\":\"Segmenta\u00e7\u00e3o e especializa\u00e7\u00e3o como estrat\u00e9gia de assertividade para o mercado B2B\",\"isPartOf\":{\"@id\":\"https:\\\/\\\/aboutcom.com.br\\\/pt\\\/#website\"},\"primaryImageOfPage\":{\"@id\":\"https:\\\/\\\/aboutcom.com.br\\\/pt\\\/segmentacao-e-especializacao-para-o-mercado-b2b\\\/#primaryimage\"},\"image\":{\"@id\":\"https:\\\/\\\/aboutcom.com.br\\\/pt\\\/segmentacao-e-especializacao-para-o-mercado-b2b\\\/#primaryimage\"},\"thumbnailUrl\":\"https:\\\/\\\/aboutcom.com.br\\\/wp-content\\\/uploads\\\/2020\\\/09\\\/pexels-polina-zimmerman-3782226.jpg\",\"datePublished\":\"2020-09-17T22:36:29+00:00\",\"dateModified\":\"2025-08-01T13:02:44+00:00\",\"description\":\"Conhecer a fundo o perfil do cliente pode ser a chave para a comunica\u00e7\u00e3o B2B\",\"breadcrumb\":{\"@id\":\"https:\\\/\\\/aboutcom.com.br\\\/pt\\\/segmentacao-e-especializacao-para-o-mercado-b2b\\\/#breadcrumb\"},\"inLanguage\":\"en-US\",\"potentialAction\":[{\"@type\":\"ReadAction\",\"target\":[\"https:\\\/\\\/aboutcom.com.br\\\/pt\\\/segmentacao-e-especializacao-para-o-mercado-b2b\\\/\"]}]},{\"@type\":\"ImageObject\",\"inLanguage\":\"en-US\",\"@id\":\"https:\\\/\\\/aboutcom.com.br\\\/pt\\\/segmentacao-e-especializacao-para-o-mercado-b2b\\\/#primaryimage\",\"url\":\"https:\\\/\\\/aboutcom.com.br\\\/wp-content\\\/uploads\\\/2020\\\/09\\\/pexels-polina-zimmerman-3782226.jpg\",\"contentUrl\":\"https:\\\/\\\/aboutcom.com.br\\\/wp-content\\\/uploads\\\/2020\\\/09\\\/pexels-polina-zimmerman-3782226.jpg\",\"width\":1280,\"height\":1920,\"caption\":\"segmenta\u00e7\u00e3o e especializa\u00e7\u00e3o\"},{\"@type\":\"BreadcrumbList\",\"@id\":\"https:\\\/\\\/aboutcom.com.br\\\/pt\\\/segmentacao-e-especializacao-para-o-mercado-b2b\\\/#breadcrumb\",\"itemListElement\":[{\"@type\":\"ListItem\",\"position\":1,\"name\":\"Home\",\"item\":\"https:\\\/\\\/aboutcom.com.br\\\/pt\\\/\"},{\"@type\":\"ListItem\",\"position\":2,\"name\":\"Segmenta\u00e7\u00e3o e especializa\u00e7\u00e3o como estrat\u00e9gia de assertividade para o mercado B2B\"}]},{\"@type\":\"WebSite\",\"@id\":\"https:\\\/\\\/aboutcom.com.br\\\/pt\\\/#website\",\"url\":\"https:\\\/\\\/aboutcom.com.br\\\/pt\\\/\",\"name\":\"Aboutcom\",\"description\":\"Communication Specialists\",\"publisher\":{\"@id\":\"https:\\\/\\\/aboutcom.com.br\\\/pt\\\/#organization\"},\"potentialAction\":[{\"@type\":\"SearchAction\",\"target\":{\"@type\":\"EntryPoint\",\"urlTemplate\":\"https:\\\/\\\/aboutcom.com.br\\\/pt\\\/?s={search_term_string}\"},\"query-input\":{\"@type\":\"PropertyValueSpecification\",\"valueRequired\":true,\"valueName\":\"search_term_string\"}}],\"inLanguage\":\"en-US\"},{\"@type\":\"Organization\",\"@id\":\"https:\\\/\\\/aboutcom.com.br\\\/pt\\\/#organization\",\"name\":\"Aboutcom\",\"url\":\"https:\\\/\\\/aboutcom.com.br\\\/pt\\\/\",\"logo\":{\"@type\":\"ImageObject\",\"inLanguage\":\"en-US\",\"@id\":\"https:\\\/\\\/aboutcom.com.br\\\/pt\\\/#\\\/schema\\\/logo\\\/image\\\/\",\"url\":\"https:\\\/\\\/aboutcom.com.br\\\/wp-content\\\/uploads\\\/2025\\\/08\\\/aboutCOM_LOGO-10-scaled.png\",\"contentUrl\":\"https:\\\/\\\/aboutcom.com.br\\\/wp-content\\\/uploads\\\/2025\\\/08\\\/aboutCOM_LOGO-10-scaled.png\",\"width\":2560,\"height\":786,\"caption\":\"Aboutcom\"},\"image\":{\"@id\":\"https:\\\/\\\/aboutcom.com.br\\\/pt\\\/#\\\/schema\\\/logo\\\/image\\\/\"}},{\"@type\":\"Person\",\"@id\":\"https:\\\/\\\/aboutcom.com.br\\\/pt\\\/#\\\/schema\\\/person\\\/eda43d487a8de94df327ff97ce94ab2b\",\"name\":\"Flavia Sobral\",\"image\":{\"@type\":\"ImageObject\",\"inLanguage\":\"en-US\",\"@id\":\"https:\\\/\\\/secure.gravatar.com\\\/avatar\\\/3f638d2cc5920783745a25032110d52e087ee6d3339a5aa4b8df1bf799871967?s=96&d=mm&r=g\",\"url\":\"https:\\\/\\\/secure.gravatar.com\\\/avatar\\\/3f638d2cc5920783745a25032110d52e087ee6d3339a5aa4b8df1bf799871967?s=96&d=mm&r=g\",\"contentUrl\":\"https:\\\/\\\/secure.gravatar.com\\\/avatar\\\/3f638d2cc5920783745a25032110d52e087ee6d3339a5aa4b8df1bf799871967?s=96&d=mm&r=g\",\"caption\":\"Flavia Sobral\"},\"url\":\"https:\\\/\\\/aboutcom.com.br\\\/en\\\/author\\\/flavia\\\/\"}]}<\/script>\n<!-- \/ Yoast SEO plugin. -->","yoast_head_json":{"title":"Segmenta\u00e7\u00e3o e especializa\u00e7\u00e3o como estrat\u00e9gia de assertividade para o mercado B2B","description":"Conhecer a fundo o perfil do cliente pode ser a chave para a comunica\u00e7\u00e3o B2B","robots":{"index":"index","follow":"follow","max-snippet":"max-snippet:-1","max-image-preview":"max-image-preview:large","max-video-preview":"max-video-preview:-1"},"canonical":"https:\/\/aboutcom.com.br\/en\/segmentacao-e-especializacao-para-o-mercado-b2b\/","og_locale":"en_US","og_type":"article","og_title":"[:pt]Segmenta\u00e7\u00e3o e especializa\u00e7\u00e3o como estrat\u00e9gia de assertividade para o mercado B2B[:] - Aboutcom","og_description":"Conhecer a fundo o perfil do cliente pode ser a chave para a comunica\u00e7\u00e3o B2B","og_url":"https:\/\/aboutcom.com.br\/en\/segmentacao-e-especializacao-para-o-mercado-b2b\/","og_site_name":"Aboutcom","article_published_time":"2020-09-17T22:36:29+00:00","article_modified_time":"2025-08-01T13:02:44+00:00","og_image":[{"width":1280,"height":1920,"url":"https:\/\/aboutcom.com.br\/wp-content\/uploads\/2020\/09\/pexels-polina-zimmerman-3782226.jpg","type":"image\/jpeg"}],"author":"Flavia Sobral","twitter_card":"summary_large_image","twitter_misc":{"Written by":"Flavia Sobral","Est. reading time":"5 minutes"},"schema":{"@context":"https:\/\/schema.org","@graph":[{"@type":"Article","@id":"https:\/\/aboutcom.com.br\/pt\/segmentacao-e-especializacao-para-o-mercado-b2b\/#article","isPartOf":{"@id":"https:\/\/aboutcom.com.br\/pt\/segmentacao-e-especializacao-para-o-mercado-b2b\/"},"author":{"name":"Flavia Sobral","@id":"https:\/\/aboutcom.com.br\/pt\/#\/schema\/person\/eda43d487a8de94df327ff97ce94ab2b"},"headline":"Segmenta\u00e7\u00e3o e especializa\u00e7\u00e3o como estrat\u00e9gia de assertividade para o mercado B2B","datePublished":"2020-09-17T22:36:29+00:00","dateModified":"2025-08-01T13:02:44+00:00","mainEntityOfPage":{"@id":"https:\/\/aboutcom.com.br\/pt\/segmentacao-e-especializacao-para-o-mercado-b2b\/"},"wordCount":994,"commentCount":0,"publisher":{"@id":"https:\/\/aboutcom.com.br\/pt\/#organization"},"image":{"@id":"https:\/\/aboutcom.com.br\/pt\/segmentacao-e-especializacao-para-o-mercado-b2b\/#primaryimage"},"thumbnailUrl":"https:\/\/aboutcom.com.br\/wp-content\/uploads\/2020\/09\/pexels-polina-zimmerman-3782226.jpg","articleSection":["Conhecimento","T2H"],"inLanguage":"en-US","potentialAction":[{"@type":"CommentAction","name":"Comment","target":["https:\/\/aboutcom.com.br\/pt\/segmentacao-e-especializacao-para-o-mercado-b2b\/#respond"]}]},{"@type":"WebPage","@id":"https:\/\/aboutcom.com.br\/pt\/segmentacao-e-especializacao-para-o-mercado-b2b\/","url":"https:\/\/aboutcom.com.br\/pt\/segmentacao-e-especializacao-para-o-mercado-b2b\/","name":"Segmenta\u00e7\u00e3o e especializa\u00e7\u00e3o como estrat\u00e9gia de assertividade para o mercado B2B","isPartOf":{"@id":"https:\/\/aboutcom.com.br\/pt\/#website"},"primaryImageOfPage":{"@id":"https:\/\/aboutcom.com.br\/pt\/segmentacao-e-especializacao-para-o-mercado-b2b\/#primaryimage"},"image":{"@id":"https:\/\/aboutcom.com.br\/pt\/segmentacao-e-especializacao-para-o-mercado-b2b\/#primaryimage"},"thumbnailUrl":"https:\/\/aboutcom.com.br\/wp-content\/uploads\/2020\/09\/pexels-polina-zimmerman-3782226.jpg","datePublished":"2020-09-17T22:36:29+00:00","dateModified":"2025-08-01T13:02:44+00:00","description":"Conhecer a fundo o perfil do cliente pode ser a chave para a comunica\u00e7\u00e3o B2B","breadcrumb":{"@id":"https:\/\/aboutcom.com.br\/pt\/segmentacao-e-especializacao-para-o-mercado-b2b\/#breadcrumb"},"inLanguage":"en-US","potentialAction":[{"@type":"ReadAction","target":["https:\/\/aboutcom.com.br\/pt\/segmentacao-e-especializacao-para-o-mercado-b2b\/"]}]},{"@type":"ImageObject","inLanguage":"en-US","@id":"https:\/\/aboutcom.com.br\/pt\/segmentacao-e-especializacao-para-o-mercado-b2b\/#primaryimage","url":"https:\/\/aboutcom.com.br\/wp-content\/uploads\/2020\/09\/pexels-polina-zimmerman-3782226.jpg","contentUrl":"https:\/\/aboutcom.com.br\/wp-content\/uploads\/2020\/09\/pexels-polina-zimmerman-3782226.jpg","width":1280,"height":1920,"caption":"segmenta\u00e7\u00e3o e especializa\u00e7\u00e3o"},{"@type":"BreadcrumbList","@id":"https:\/\/aboutcom.com.br\/pt\/segmentacao-e-especializacao-para-o-mercado-b2b\/#breadcrumb","itemListElement":[{"@type":"ListItem","position":1,"name":"Home","item":"https:\/\/aboutcom.com.br\/pt\/"},{"@type":"ListItem","position":2,"name":"Segmenta\u00e7\u00e3o e especializa\u00e7\u00e3o como estrat\u00e9gia de assertividade para o mercado B2B"}]},{"@type":"WebSite","@id":"https:\/\/aboutcom.com.br\/pt\/#website","url":"https:\/\/aboutcom.com.br\/pt\/","name":"Aboutcom","description":"Communication Specialists","publisher":{"@id":"https:\/\/aboutcom.com.br\/pt\/#organization"},"potentialAction":[{"@type":"SearchAction","target":{"@type":"EntryPoint","urlTemplate":"https:\/\/aboutcom.com.br\/pt\/?s={search_term_string}"},"query-input":{"@type":"PropertyValueSpecification","valueRequired":true,"valueName":"search_term_string"}}],"inLanguage":"en-US"},{"@type":"Organization","@id":"https:\/\/aboutcom.com.br\/pt\/#organization","name":"Aboutcom","url":"https:\/\/aboutcom.com.br\/pt\/","logo":{"@type":"ImageObject","inLanguage":"en-US","@id":"https:\/\/aboutcom.com.br\/pt\/#\/schema\/logo\/image\/","url":"https:\/\/aboutcom.com.br\/wp-content\/uploads\/2025\/08\/aboutCOM_LOGO-10-scaled.png","contentUrl":"https:\/\/aboutcom.com.br\/wp-content\/uploads\/2025\/08\/aboutCOM_LOGO-10-scaled.png","width":2560,"height":786,"caption":"Aboutcom"},"image":{"@id":"https:\/\/aboutcom.com.br\/pt\/#\/schema\/logo\/image\/"}},{"@type":"Person","@id":"https:\/\/aboutcom.com.br\/pt\/#\/schema\/person\/eda43d487a8de94df327ff97ce94ab2b","name":"Flavia Sobral","image":{"@type":"ImageObject","inLanguage":"en-US","@id":"https:\/\/secure.gravatar.com\/avatar\/3f638d2cc5920783745a25032110d52e087ee6d3339a5aa4b8df1bf799871967?s=96&d=mm&r=g","url":"https:\/\/secure.gravatar.com\/avatar\/3f638d2cc5920783745a25032110d52e087ee6d3339a5aa4b8df1bf799871967?s=96&d=mm&r=g","contentUrl":"https:\/\/secure.gravatar.com\/avatar\/3f638d2cc5920783745a25032110d52e087ee6d3339a5aa4b8df1bf799871967?s=96&d=mm&r=g","caption":"Flavia Sobral"},"url":"https:\/\/aboutcom.com.br\/en\/author\/flavia\/"}]}},"_links":{"self":[{"href":"https:\/\/aboutcom.com.br\/en\/wp-json\/wp\/v2\/posts\/1151","targetHints":{"allow":["GET"]}}],"collection":[{"href":"https:\/\/aboutcom.com.br\/en\/wp-json\/wp\/v2\/posts"}],"about":[{"href":"https:\/\/aboutcom.com.br\/en\/wp-json\/wp\/v2\/types\/post"}],"author":[{"embeddable":true,"href":"https:\/\/aboutcom.com.br\/en\/wp-json\/wp\/v2\/users\/2"}],"replies":[{"embeddable":true,"href":"https:\/\/aboutcom.com.br\/en\/wp-json\/wp\/v2\/comments?post=1151"}],"version-history":[{"count":1,"href":"https:\/\/aboutcom.com.br\/en\/wp-json\/wp\/v2\/posts\/1151\/revisions"}],"predecessor-version":[{"id":1154,"href":"https:\/\/aboutcom.com.br\/en\/wp-json\/wp\/v2\/posts\/1151\/revisions\/1154"}],"wp:featuredmedia":[{"embeddable":true,"href":"https:\/\/aboutcom.com.br\/en\/wp-json\/wp\/v2\/media\/1153"}],"wp:attachment":[{"href":"https:\/\/aboutcom.com.br\/en\/wp-json\/wp\/v2\/media?parent=1151"}],"wp:term":[{"taxonomy":"category","embeddable":true,"href":"https:\/\/aboutcom.com.br\/en\/wp-json\/wp\/v2\/categories?post=1151"},{"taxonomy":"post_tag","embeddable":true,"href":"https:\/\/aboutcom.com.br\/en\/wp-json\/wp\/v2\/tags?post=1151"}],"curies":[{"name":"wp","href":"https:\/\/api.w.org\/{rel}","templated":true}]}}