{"id":1165,"date":"2020-10-15T09:30:52","date_gmt":"2020-10-15T09:30:52","guid":{"rendered":"http:\/\/aboutcom.com.br\/pt\/?p=1165"},"modified":"2025-08-01T13:02:27","modified_gmt":"2025-08-01T13:02:27","slug":"nova-era-do-consumo-conectando-se-por-meio-de-uma-comunicacao-empatica","status":"publish","type":"post","link":"https:\/\/aboutcom.com.br\/en\/nova-era-do-consumo-conectando-se-por-meio-de-uma-comunicacao-empatica\/","title":{"rendered":"Nova era do consumo: conectando-se por meio de uma comunica\u00e7\u00e3o emp\u00e1tica"},"content":{"rendered":"<p><a href=\"http:\/\/aboutcom.com.br\/pt\/acenda-a-luz-dicas-para-comunicar-e-para-humanizar-a-gestao-da-crise\/#t2h\"><span style=\"font-weight: 400;\">A crise recente que impactou a humanidade exigiu a adapta\u00e7\u00e3o<\/span><\/a><span style=\"font-weight: 400;\"> das pessoas para novas formas de relacionamento, de consumo, de comunica\u00e7\u00e3o.\u00a0<\/span><\/p>\n<p><!--more--><br \/>\n<span style=\"font-weight: 400;\">O longo per\u00edodo de distanciamento social j\u00e1 est\u00e1 consolidando novos h\u00e1bitos e expressando novas necessidades dos diferentes p\u00fablicos. Mas, quais ensinamentos cruciais levamos da crise para as estrat\u00e9gias de comunica\u00e7\u00e3o e marketing?<\/span><\/p>\n<p><span style=\"font-weight: 400;\">Se a empatia j\u00e1 vinha se mostrando imprescind\u00edvel aos modelos de neg\u00f3cios, ela adquiriu nova centralidade e car\u00e1ter para as empresas que souberam compreender a transforma\u00e7\u00e3o da pandemia em seus consumidores.\u00a0<\/span><\/p>\n<p><span style=\"font-weight: 400;\">Vimos a\u00e7\u00f5es solid\u00e1rias surgirem nos mais diferentes espa\u00e7os, desde pr\u00e1ticas de grande porte \u00e0s micro-a\u00e7\u00f5es. Talvez voc\u00ea tenha sido um dos <\/span><a href=\"https:\/\/casavogue.globo.com\/Arquitetura\/Cidade\/noticia\/2020\/03\/em-sp-vizinhos-criam-rede-de-apoio-para-idosos-em-quarentena-do-coronavirus.html\"><span style=\"font-weight: 400;\">vizinhos que se dispuseram a realizar a compra para os mais idosos<\/span><\/a><span style=\"font-weight: 400;\"> de seu pr\u00e9dio.\u00a0<\/span><\/p>\n<p><span style=\"font-weight: 400;\">Ao mesmo tempo, vimos como pessoas sentiam a necessidade de serem acolhidas, respeitadas, escutadas. Em seus trabalhos e pelas empresas com quem se relacionam enquanto consumidoras.<\/span><\/p>\n<p><span style=\"font-weight: 400;\">Neste artigo, trazemos as principais reflex\u00f5es sobre a nova era do consumo e as necessidades dos consumidores para voc\u00ea preparar sua empresa para as mudan\u00e7as que esses h\u00e1bitos trazem.<\/span><\/p>\n<h2><span style=\"font-weight: 400;\">As necessidades dos diferentes p\u00fablicos<\/span><\/h2>\n<p><span style=\"font-weight: 400;\">As empresas &#8211; tamb\u00e9m s\u00e3o constru\u00eddas por pessoas &#8211; foram impactadas interna e externamente pelos novos comportamentos sociais. Muitas precisando se recriar para sobreviver.<\/span><\/p>\n<p><span style=\"font-weight: 400;\">As que ouviram seus clientes e funcion\u00e1rios, <\/span><a href=\"https:\/\/www.meioemensagem.com.br\/home\/opiniao\/2020\/04\/22\/e-hora-de-repensarmos-as-marcas-e-propositos.html\"><span style=\"font-weight: 400;\">souberam aproveitar essa janela de oportunidades para dar saltos quantitativos e qualitativos<\/span><\/a><span style=\"font-weight: 400;\"> em suas estrat\u00e9gias de vendas, de comunica\u00e7\u00e3o e de marketing.<\/span><\/p>\n<p><span style=\"font-weight: 400;\">Do varejo ao b2b, saiu na frente quem buscou nas tecnologias de informa\u00e7\u00e3o e de comunica\u00e7\u00e3o os mecanismos para se relacionar com os diferentes p\u00fablicos, para <\/span><b>escut\u00e1-los e encontrar solu\u00e7\u00f5es para as (novas) necessidades que surgiram neste per\u00edodo.\u00a0<\/b><\/p>\n<p><span style=\"font-weight: 400;\">O alto \u00edndice de <\/span><a href=\"https:\/\/g1.globo.com\/economia\/tecnologia\/noticia\/2020\/06\/11\/com-maior-uso-da-internet-durante-pandemia-numero-de-reclamacoes-aumenta-especialistas-apontam-problemas-mais-comuns.ghtml\"><span style=\"font-weight: 400;\">consumo de internet e tamb\u00e9m o aumento nas reclama\u00e7\u00f5es<\/span><\/a><span style=\"font-weight: 400;\"> a respeito de servi\u00e7os digitais levou <\/span><a href=\"https:\/\/www.nexojornal.com.br\/expresso\/2020\/03\/29\/Como-a-pandemia-afeta-a-infraestrutura-da-internet\"><span style=\"font-weight: 400;\">\u00a0empresas de <\/span><i><span style=\"font-weight: 400;\">streaming <\/span><\/i><span style=\"font-weight: 400;\">a reduzirem a qualidade dos v\u00eddeos dispon\u00edveis<\/span><\/a><span style=\"font-weight: 400;\">, para aliviar os servidores e permitir a entrega de um servi\u00e7o melhor ao consumidor. E este \u00e9 s\u00f3 um exemplo.<\/span><\/p>\n<h2><span style=\"font-weight: 400;\">Tecnologia e inova\u00e7\u00e3o se tornam imprescind\u00edveis<\/span><\/h2>\n<p><span style=\"font-weight: 400;\">Quem imaginava que uma ampla gama de m\u00e9dicos precisaria recorrer \u00e0s tecnologias para realizar o atendimento de pacientes menos graves, para reduzir a circula\u00e7\u00e3o de pessoas? Ou que fossem utilizar mais frequentemente os mecanismos de receitas m\u00e9dicas digitais?<\/span><\/p>\n<p><span style=\"font-weight: 400;\">Marcas que nunca se preocuparam com o modelo de <\/span><i><span style=\"font-weight: 400;\">e-commerce, <\/span><\/i><span style=\"font-weight: 400;\">porque atuavam somente em lojas f\u00edsicas, tiveram de <\/span><a href=\"https:\/\/www.meioemensagem.com.br\/home\/opiniao\/2020\/08\/10\/tendencias-de-consumo-que-vieram-para-ficar.html\"><span style=\"font-weight: 400;\">rever suas prioridades para sobreviver<\/span><\/a><span style=\"font-weight: 400;\"> ao distanciamento social. Pessoas \u201canal\u00f3gicas\u201d tiveram de migrar para o modelo digital para superar o isolamento&#8230;<\/span><\/p>\n<p><span style=\"font-weight: 400;\">Aumentou a necessidade de pacotes de internet com mais velocidade, multiplicaram-se as videochamadas, os cursos no formato EaD, as plataformas <\/span><i><span style=\"font-weight: 400;\">streaming<\/span><\/i><span style=\"font-weight: 400;\">, as compras por aplicativo, os m\u00e9todos de acompanhamento de tarefas e da log\u00edstica de forma digital, o relacionamento com clientes por plataformas online e redes sociais.\u00a0<\/span><\/p>\n<p><b>Para o setor <\/b><b><i>tech, <\/i><\/b><b>a crise mundial com o isolamento social potencializou os neg\u00f3cios b2b e b2c nas mais diferentes \u00e1reas de atua\u00e7\u00e3o.\u00a0<\/b><\/p>\n<p><span style=\"font-weight: 400;\">Agora, a retomada das atividades presenciais e a volta \u00e0 vida que conhecemos, seja em qualquer canto do mundo, exige novas compreens\u00f5es sobre como tudo isso impacta no consumidor e em sua forma de consumir. <\/span><\/p>\n<h2><span style=\"font-weight: 400;\">Preparar os neg\u00f3cios para novas formas de consumo<\/span><\/h2>\n<p><span style=\"font-weight: 400;\">Na nova era do consumo, precisamos deixar para tr\u00e1s (em definitivo) o velho entendimento de que comunicar seria apenas gerir ferramentas de comunica\u00e7\u00e3o &#8211; ou estar presente em alguma m\u00eddia especializada. Isso \u00e9 o b\u00e1sico que deve ser feito.<\/span><\/p>\n<p><span style=\"font-weight: 400;\">\u00c9 preciso ir al\u00e9m&#8230; Se j\u00e1 era necess\u00e1rio <\/span><a href=\"http:\/\/aboutcom.com.br\/pt\/segmentacao-e-especializacao-para-o-mercado-b2b\/#t2h\"><span style=\"font-weight: 400;\">entender a relev\u00e2ncia da comunica\u00e7\u00e3o enquanto estrat\u00e9gia para alcan\u00e7ar os objetivos de neg\u00f3cios<\/span><\/a><span style=\"font-weight: 400;\">, com os novos h\u00e1bitos, se torna crucial. Mas, como isso se traduz nas vendas?<\/span><\/p>\n<h3><span style=\"font-weight: 400;\">1) Pessoas pesquisam mais sobre a empresa<\/span><\/h3>\n<p><span style=\"font-weight: 400;\">Com o uso frequente das redes sociais e acessos frequentes aos sites das empresas com quem buscaram se relacionar e aos sites de not\u00edcias, os consumidores se tornaram mais h\u00e1beis em analisar a marca e a integridade de suas informa\u00e7\u00f5es. Est\u00e3o ainda mais exigentes!<\/span><\/p>\n<p><span style=\"font-weight: 400;\">A depend\u00eancia das tecnologias fez tamb\u00e9m crescer o interesse dos p\u00fablicos por esses assuntos, buscando conhecer aplicativos e descobrir novas solu\u00e7\u00f5es tecnol\u00f3gicas que facilitam aspectos da vida, etc.<\/span><\/p>\n<p><span style=\"font-weight: 400;\">Assim, para ter sucesso com o consumidor, n\u00e3o bastava apenas o recurso de alocar um an\u00fancio no <\/span><i><span style=\"font-weight: 400;\">feed <\/span><\/i><span style=\"font-weight: 400;\">do instagram (principalmente <\/span><a href=\"http:\/\/aboutcom.com.br\/pt\/em-quais-redes-sociais-sua-empresa-tem-que-estar\/#t2h\"><span style=\"font-weight: 400;\">se n\u00e3o \u00e9 nesta rede social em que est\u00e1 o p\u00fablico-alvo<\/span><\/a><span style=\"font-weight: 400;\"> da empresa).\u00a0<\/span><\/p>\n<p><span style=\"font-weight: 400;\">Devido \u00e0 presen\u00e7a dos consumidores limitada ao meio digital, foi preciso oferecer conte\u00fados de qualidade, informa\u00e7\u00f5es e exemplos que transparecessem <\/span><a href=\"http:\/\/aboutcom.com.br\/pt\/meios-de-comunicacao-e-mensagem\/#t2h\"><span style=\"font-weight: 400;\">os valores da empresa de forma m\u00faltipla, mas tamb\u00e9m coerente.<\/span><\/a><span style=\"font-weight: 400;\"> Que expressassem o valor de suas solu\u00e7\u00f5es tecnol\u00f3gicas. E isso se manter\u00e1.<\/span><\/p>\n<p><span style=\"font-weight: 400;\">Por exemplo, se estas empresas s\u00e3o \u00edntegras em seu discurso, <\/span><a href=\"http:\/\/aboutcom.com.br\/pt\/envolvendo-especialistas-na-sua-estrategia-de-comunicacao\/#t2h\"><span style=\"font-weight: 400;\">se possuem a <\/span><i><span style=\"font-weight: 400;\">expertise<\/span><\/i><span style=\"font-weight: 400;\"> a qual reclamam possuir,<\/span><\/a><span style=\"font-weight: 400;\"> se conseguem criar solu\u00e7\u00f5es com base no di\u00e1logo com os consumidores, se atuam junto \u00e0 comunidade\/sociedade com a\u00e7\u00f5es solid\u00e1rias, se se preocupam com o meio ambiente, etc.<\/span><\/p>\n<h3><span style=\"font-weight: 400;\">2) O consumidor quer ser compreendido (e estar satisfeito)<\/span><\/h3>\n<p><span style=\"font-weight: 400;\">Para uma comunica\u00e7\u00e3o eficiente, a capta\u00e7\u00e3o de dados &#8211; que j\u00e1 vinha se consolidando &#8211; se mostrou urgente para sobreviv\u00eancia empresarial, e agora impacta no p\u00f3s-pandemia.<\/span><\/p>\n<p><span style=\"font-weight: 400;\">Por <\/span><a href=\"http:\/\/aboutcom.com.br\/pt\/como-a-inteligencia-artificial-e-a-tecnologia-estao-mudando-o-mercado-de-jornalismo-e-comunicacao\/#t2h\"><span style=\"font-weight: 400;\">meio da intelig\u00eancia estat\u00edstica<\/span><\/a><span style=\"font-weight: 400;\">, por exemplo, \u00e9 poss\u00edvel otimizar as campanhas de rela\u00e7\u00f5es p\u00fablicas. Isso provoca mudan\u00e7as efetivas nas <\/span><a href=\"http:\/\/aboutcom.com.br\/pt\/assessoria-de-imprensa-entenda-como-ver-noticias-como-dados-valiosos-para-o-seu-negocio\/#t2h\"><span style=\"font-weight: 400;\">estrat\u00e9gias de assessoria de imprensa<\/span><\/a><span style=\"font-weight: 400;\"> que visam comunicar e atender \u00e0s novas exig\u00eancias dos p\u00fablicos-alvo.<\/span><\/p>\n<p><span style=\"font-weight: 400;\">E, para saber quais exig\u00eancias s\u00e3o essas, primeiro \u00e9 necess\u00e1rio tra\u00e7ar o perfil dos clientes e potenciais clientes, identificando suas dores e (novos) sonhos. Inclusive <\/span><a href=\"http:\/\/aboutcom.com.br\/pt\/como-escolher-e-fazer-chegar-um-excelente-conteudo-tech\/#t2h\"><span style=\"font-weight: 400;\">para escolher quais os melhores canais para atingir os potenciais consumidores<\/span><\/a><span style=\"font-weight: 400;\"> em todas as etapas do funil de influ\u00eancia.<\/span><\/p>\n<p><span style=\"font-weight: 400;\">Ao mesmo tempo, a crise refor\u00e7ou a import\u00e2ncia em enxergar que os dados captados sobre o comportamento do potencial cliente falam de <\/span><b>pessoas reais.<\/b><span style=\"font-weight: 400;\">\u00a0<\/span><\/p>\n<p><span style=\"font-weight: 400;\">Na aboutCOM isso \u00e9 central na perspectiva<\/span><i><span style=\"font-weight: 400;\"> tech to human<\/span><\/i><span style=\"font-weight: 400;\">, em que traduzimos aos p\u00fablicos que as solu\u00e7\u00f5es tecnol\u00f3gicas criadas s\u00e3o constru\u00eddas para pessoas com <\/span><b>necessidades reais<\/b><span style=\"font-weight: 400;\">. Independente se \u00e9 para facilitar seus cotidianos privados ou solucionar problemas no dia-a-dia de seus neg\u00f3cios e empresas. <\/span><\/p>\n<h3><span style=\"font-weight: 400;\">3) Compreender (e vender para) o cliente requer uma comunica\u00e7\u00e3o emp\u00e1tica<\/span><\/h3>\n<p><b>A<\/b><b> empatia se apresenta, ent\u00e3o, como um valor vinculado \u00e0 estrat\u00e9gia de comunica\u00e7\u00e3o do novo per\u00edodo.<\/b> <span style=\"font-weight: 400;\">O que nos leva a considera\u00e7\u00e3o de <\/span><a href=\"http:\/\/aboutcom.com.br\/pt\/por-que-empresas-de-tecnologia-devem-considerar-um-discurso-humanizado-em-suas-estrategias\/#t2h\"><span style=\"font-weight: 400;\">um discurso humanizado na estrat\u00e9gia<\/span><\/a><span style=\"font-weight: 400;\"> de comunica\u00e7\u00e3o e marketing, a uma comunica\u00e7\u00e3o emp\u00e1tica.<\/span><\/p>\n<p><span style=\"font-weight: 400;\">Isso \u00e9 poss\u00edvel a partir de um processo de comunica\u00e7\u00e3o integrada, que considera as melhores ferramentas e mecanismos para acessar essas pessoas a partir das dores que elas apresentam.\u00a0<\/span><\/p>\n<p><span style=\"font-weight: 400;\">Ao mesmo tempo em que se leva em conta aquilo que o p\u00fablico precisa\/quer ouvir, tamb\u00e9m se compartilha conhecimentos e conte\u00fados que s\u00e3o necess\u00e1rios para a empresa se promover e alcan\u00e7ar quem precisa das suas solu\u00e7\u00f5es para tornar a vida melhor.\u00a0<\/span><\/p>\n<p><span style=\"font-weight: 400;\">E isso est\u00e1 diretamente vinculado \u00e0s necessidades desse novo consumidor.\u00a0<\/span><\/p>\n<p><a href=\"http:\/\/aboutcom.com.br\/pt\/como-ecomunicacao-integrada-aplicada-a-empresas-de-tecnologia\/#t2h\"><span style=\"font-weight: 400;\">Aqui voc\u00ea pode saber mais sobre o que \u00e9 a comunica\u00e7\u00e3o integrada<\/span><\/a><span style=\"font-weight: 400;\"> e como ela consegue acessar seus potenciais clientes e consolidar neg\u00f3cios nessa nova era do consumo.<\/span><\/p>\n","protected":false},"excerpt":{"rendered":"<p>A crise recente que impactou a humanidade exigiu a adapta\u00e7\u00e3o das pessoas para novas formas de relacionamento, de consumo, de comunica\u00e7\u00e3o.\u00a0<\/p>\n","protected":false},"author":3,"featured_media":1166,"comment_status":"open","ping_status":"open","sticky":false,"template":"","format":"standard","meta":{"_acf_changed":false,"inline_featured_image":false,"footnotes":""},"categories":[220,222],"tags":[],"class_list":["post-1165","post","type-post","status-publish","format-standard","has-post-thumbnail","hentry","category-conhecimento","category-t2h-conhecimento"],"blocksy_meta":[],"acf":[],"yoast_head":"<!-- This site is optimized with the Yoast SEO plugin v27.5 - https:\/\/yoast.com\/product\/yoast-seo-wordpress\/ -->\n<title>Nova era do consumo: conectando-se por meio de uma comunica\u00e7\u00e3o emp\u00e1tica<\/title>\n<meta name=\"description\" content=\"O consumo e import\u00e2ncia da comunica\u00e7\u00e3o emp\u00e1tica para as necessidades dos consumidores\" \/>\n<meta name=\"robots\" content=\"index, follow, max-snippet:-1, max-image-preview:large, max-video-preview:-1\" \/>\n<link rel=\"canonical\" href=\"https:\/\/aboutcom.com.br\/en\/nova-era-do-consumo-conectando-se-por-meio-de-uma-comunicacao-empatica\/\" \/>\n<meta property=\"og:locale\" content=\"en_US\" \/>\n<meta property=\"og:locale:alternate\" content=\"pt_BR\" \/>\n<meta property=\"og:locale:alternate\" content=\"es_ES\" \/>\n<meta property=\"og:type\" content=\"article\" \/>\n<meta property=\"og:title\" content=\"Nova era do consumo: conectando-se por meio de uma comunica\u00e7\u00e3o emp\u00e1tica\" \/>\n<meta property=\"og:description\" content=\"Como absorver as novas mudan\u00e7as nos h\u00e1bitos do consumidor na sua estrat\u00e9gia de comunica\u00e7\u00e3o? Saiba neste post como a comunica\u00e7\u00e3o emp\u00e1tica \u00e9 fundamental para a nova era do consumo.\" \/>\n<meta property=\"og:url\" content=\"https:\/\/aboutcom.com.br\/en\/nova-era-do-consumo-conectando-se-por-meio-de-uma-comunicacao-empatica\/\" \/>\n<meta property=\"og:site_name\" content=\"Aboutcom\" \/>\n<meta property=\"article:published_time\" content=\"2020-10-15T09:30:52+00:00\" \/>\n<meta property=\"article:modified_time\" content=\"2025-08-01T13:02:27+00:00\" \/>\n<meta property=\"og:image\" content=\"https:\/\/aboutcom.com.br\/wp-content\/uploads\/2020\/10\/Understand.png\" \/>\n\t<meta property=\"og:image:width\" content=\"2240\" \/>\n\t<meta property=\"og:image:height\" content=\"1260\" \/>\n\t<meta property=\"og:image:type\" content=\"image\/png\" \/>\n<meta name=\"author\" content=\"Lilian Diniz\" \/>\n<meta name=\"twitter:card\" content=\"summary_large_image\" \/>\n<meta name=\"twitter:label1\" content=\"Written by\" \/>\n\t<meta name=\"twitter:data1\" content=\"Lilian Diniz\" \/>\n\t<meta name=\"twitter:label2\" content=\"Est. reading time\" \/>\n\t<meta name=\"twitter:data2\" content=\"6 minutes\" \/>\n<script type=\"application\/ld+json\" class=\"yoast-schema-graph\">{\"@context\":\"https:\\\/\\\/schema.org\",\"@graph\":[{\"@type\":\"Article\",\"@id\":\"https:\\\/\\\/aboutcom.com.br\\\/pt\\\/nova-era-do-consumo-conectando-se-por-meio-de-uma-comunicacao-empatica\\\/#article\",\"isPartOf\":{\"@id\":\"https:\\\/\\\/aboutcom.com.br\\\/pt\\\/nova-era-do-consumo-conectando-se-por-meio-de-uma-comunicacao-empatica\\\/\"},\"author\":{\"name\":\"Lilian Diniz\",\"@id\":\"https:\\\/\\\/aboutcom.com.br\\\/pt\\\/#\\\/schema\\\/person\\\/b58cd43cdc3d9b77435c992981746445\"},\"headline\":\"Nova era do consumo: conectando-se por meio de uma comunica\u00e7\u00e3o emp\u00e1tica\",\"datePublished\":\"2020-10-15T09:30:52+00:00\",\"dateModified\":\"2025-08-01T13:02:27+00:00\",\"mainEntityOfPage\":{\"@id\":\"https:\\\/\\\/aboutcom.com.br\\\/pt\\\/nova-era-do-consumo-conectando-se-por-meio-de-uma-comunicacao-empatica\\\/\"},\"wordCount\":1268,\"commentCount\":0,\"publisher\":{\"@id\":\"https:\\\/\\\/aboutcom.com.br\\\/pt\\\/#organization\"},\"image\":{\"@id\":\"https:\\\/\\\/aboutcom.com.br\\\/pt\\\/nova-era-do-consumo-conectando-se-por-meio-de-uma-comunicacao-empatica\\\/#primaryimage\"},\"thumbnailUrl\":\"https:\\\/\\\/aboutcom.com.br\\\/wp-content\\\/uploads\\\/2020\\\/10\\\/Understand.png\",\"articleSection\":[\"Conhecimento\",\"T2H\"],\"inLanguage\":\"en-US\",\"potentialAction\":[{\"@type\":\"CommentAction\",\"name\":\"Comment\",\"target\":[\"https:\\\/\\\/aboutcom.com.br\\\/pt\\\/nova-era-do-consumo-conectando-se-por-meio-de-uma-comunicacao-empatica\\\/#respond\"]}]},{\"@type\":\"WebPage\",\"@id\":\"https:\\\/\\\/aboutcom.com.br\\\/pt\\\/nova-era-do-consumo-conectando-se-por-meio-de-uma-comunicacao-empatica\\\/\",\"url\":\"https:\\\/\\\/aboutcom.com.br\\\/pt\\\/nova-era-do-consumo-conectando-se-por-meio-de-uma-comunicacao-empatica\\\/\",\"name\":\"Nova era do consumo: conectando-se por meio de uma comunica\u00e7\u00e3o emp\u00e1tica\",\"isPartOf\":{\"@id\":\"https:\\\/\\\/aboutcom.com.br\\\/pt\\\/#website\"},\"primaryImageOfPage\":{\"@id\":\"https:\\\/\\\/aboutcom.com.br\\\/pt\\\/nova-era-do-consumo-conectando-se-por-meio-de-uma-comunicacao-empatica\\\/#primaryimage\"},\"image\":{\"@id\":\"https:\\\/\\\/aboutcom.com.br\\\/pt\\\/nova-era-do-consumo-conectando-se-por-meio-de-uma-comunicacao-empatica\\\/#primaryimage\"},\"thumbnailUrl\":\"https:\\\/\\\/aboutcom.com.br\\\/wp-content\\\/uploads\\\/2020\\\/10\\\/Understand.png\",\"datePublished\":\"2020-10-15T09:30:52+00:00\",\"dateModified\":\"2025-08-01T13:02:27+00:00\",\"description\":\"O consumo e import\u00e2ncia da comunica\u00e7\u00e3o emp\u00e1tica para as necessidades dos consumidores\",\"breadcrumb\":{\"@id\":\"https:\\\/\\\/aboutcom.com.br\\\/pt\\\/nova-era-do-consumo-conectando-se-por-meio-de-uma-comunicacao-empatica\\\/#breadcrumb\"},\"inLanguage\":\"en-US\",\"potentialAction\":[{\"@type\":\"ReadAction\",\"target\":[\"https:\\\/\\\/aboutcom.com.br\\\/pt\\\/nova-era-do-consumo-conectando-se-por-meio-de-uma-comunicacao-empatica\\\/\"]}]},{\"@type\":\"ImageObject\",\"inLanguage\":\"en-US\",\"@id\":\"https:\\\/\\\/aboutcom.com.br\\\/pt\\\/nova-era-do-consumo-conectando-se-por-meio-de-uma-comunicacao-empatica\\\/#primaryimage\",\"url\":\"https:\\\/\\\/aboutcom.com.br\\\/wp-content\\\/uploads\\\/2020\\\/10\\\/Understand.png\",\"contentUrl\":\"https:\\\/\\\/aboutcom.com.br\\\/wp-content\\\/uploads\\\/2020\\\/10\\\/Understand.png\",\"width\":2240,\"height\":1260},{\"@type\":\"BreadcrumbList\",\"@id\":\"https:\\\/\\\/aboutcom.com.br\\\/pt\\\/nova-era-do-consumo-conectando-se-por-meio-de-uma-comunicacao-empatica\\\/#breadcrumb\",\"itemListElement\":[{\"@type\":\"ListItem\",\"position\":1,\"name\":\"Home\",\"item\":\"https:\\\/\\\/aboutcom.com.br\\\/pt\\\/\"},{\"@type\":\"ListItem\",\"position\":2,\"name\":\"Nova era do consumo: conectando-se por meio de uma comunica\u00e7\u00e3o emp\u00e1tica\"}]},{\"@type\":\"WebSite\",\"@id\":\"https:\\\/\\\/aboutcom.com.br\\\/pt\\\/#website\",\"url\":\"https:\\\/\\\/aboutcom.com.br\\\/pt\\\/\",\"name\":\"Aboutcom\",\"description\":\"Communication Specialists\",\"publisher\":{\"@id\":\"https:\\\/\\\/aboutcom.com.br\\\/pt\\\/#organization\"},\"potentialAction\":[{\"@type\":\"SearchAction\",\"target\":{\"@type\":\"EntryPoint\",\"urlTemplate\":\"https:\\\/\\\/aboutcom.com.br\\\/pt\\\/?s={search_term_string}\"},\"query-input\":{\"@type\":\"PropertyValueSpecification\",\"valueRequired\":true,\"valueName\":\"search_term_string\"}}],\"inLanguage\":\"en-US\"},{\"@type\":\"Organization\",\"@id\":\"https:\\\/\\\/aboutcom.com.br\\\/pt\\\/#organization\",\"name\":\"Aboutcom\",\"url\":\"https:\\\/\\\/aboutcom.com.br\\\/pt\\\/\",\"logo\":{\"@type\":\"ImageObject\",\"inLanguage\":\"en-US\",\"@id\":\"https:\\\/\\\/aboutcom.com.br\\\/pt\\\/#\\\/schema\\\/logo\\\/image\\\/\",\"url\":\"https:\\\/\\\/aboutcom.com.br\\\/wp-content\\\/uploads\\\/2025\\\/08\\\/aboutCOM_LOGO-10-scaled.png\",\"contentUrl\":\"https:\\\/\\\/aboutcom.com.br\\\/wp-content\\\/uploads\\\/2025\\\/08\\\/aboutCOM_LOGO-10-scaled.png\",\"width\":2560,\"height\":786,\"caption\":\"Aboutcom\"},\"image\":{\"@id\":\"https:\\\/\\\/aboutcom.com.br\\\/pt\\\/#\\\/schema\\\/logo\\\/image\\\/\"}},{\"@type\":\"Person\",\"@id\":\"https:\\\/\\\/aboutcom.com.br\\\/pt\\\/#\\\/schema\\\/person\\\/b58cd43cdc3d9b77435c992981746445\",\"name\":\"Lilian Diniz\",\"image\":{\"@type\":\"ImageObject\",\"inLanguage\":\"en-US\",\"@id\":\"https:\\\/\\\/secure.gravatar.com\\\/avatar\\\/edb5a3757001cd9e9cf4f410ea42652fcbe8fec9dab310605315f26d46b9244b?s=96&d=mm&r=g\",\"url\":\"https:\\\/\\\/secure.gravatar.com\\\/avatar\\\/edb5a3757001cd9e9cf4f410ea42652fcbe8fec9dab310605315f26d46b9244b?s=96&d=mm&r=g\",\"contentUrl\":\"https:\\\/\\\/secure.gravatar.com\\\/avatar\\\/edb5a3757001cd9e9cf4f410ea42652fcbe8fec9dab310605315f26d46b9244b?s=96&d=mm&r=g\",\"caption\":\"Lilian Diniz\"},\"url\":\"https:\\\/\\\/aboutcom.com.br\\\/en\\\/author\\\/lilian\\\/\"}]}<\/script>\n<!-- \/ Yoast SEO plugin. -->","yoast_head_json":{"title":"Nova era do consumo: conectando-se por meio de uma comunica\u00e7\u00e3o emp\u00e1tica","description":"O consumo e import\u00e2ncia da comunica\u00e7\u00e3o emp\u00e1tica para as necessidades dos consumidores","robots":{"index":"index","follow":"follow","max-snippet":"max-snippet:-1","max-image-preview":"max-image-preview:large","max-video-preview":"max-video-preview:-1"},"canonical":"https:\/\/aboutcom.com.br\/en\/nova-era-do-consumo-conectando-se-por-meio-de-uma-comunicacao-empatica\/","og_locale":"en_US","og_type":"article","og_title":"Nova era do consumo: conectando-se por meio de uma comunica\u00e7\u00e3o emp\u00e1tica","og_description":"Como absorver as novas mudan\u00e7as nos h\u00e1bitos do consumidor na sua estrat\u00e9gia de comunica\u00e7\u00e3o? Saiba neste post como a comunica\u00e7\u00e3o emp\u00e1tica \u00e9 fundamental para a nova era do consumo.","og_url":"https:\/\/aboutcom.com.br\/en\/nova-era-do-consumo-conectando-se-por-meio-de-uma-comunicacao-empatica\/","og_site_name":"Aboutcom","article_published_time":"2020-10-15T09:30:52+00:00","article_modified_time":"2025-08-01T13:02:27+00:00","og_image":[{"width":2240,"height":1260,"url":"https:\/\/aboutcom.com.br\/wp-content\/uploads\/2020\/10\/Understand.png","type":"image\/png"}],"author":"Lilian Diniz","twitter_card":"summary_large_image","twitter_misc":{"Written by":"Lilian Diniz","Est. reading time":"6 minutes"},"schema":{"@context":"https:\/\/schema.org","@graph":[{"@type":"Article","@id":"https:\/\/aboutcom.com.br\/pt\/nova-era-do-consumo-conectando-se-por-meio-de-uma-comunicacao-empatica\/#article","isPartOf":{"@id":"https:\/\/aboutcom.com.br\/pt\/nova-era-do-consumo-conectando-se-por-meio-de-uma-comunicacao-empatica\/"},"author":{"name":"Lilian Diniz","@id":"https:\/\/aboutcom.com.br\/pt\/#\/schema\/person\/b58cd43cdc3d9b77435c992981746445"},"headline":"Nova era do consumo: conectando-se por meio de uma comunica\u00e7\u00e3o emp\u00e1tica","datePublished":"2020-10-15T09:30:52+00:00","dateModified":"2025-08-01T13:02:27+00:00","mainEntityOfPage":{"@id":"https:\/\/aboutcom.com.br\/pt\/nova-era-do-consumo-conectando-se-por-meio-de-uma-comunicacao-empatica\/"},"wordCount":1268,"commentCount":0,"publisher":{"@id":"https:\/\/aboutcom.com.br\/pt\/#organization"},"image":{"@id":"https:\/\/aboutcom.com.br\/pt\/nova-era-do-consumo-conectando-se-por-meio-de-uma-comunicacao-empatica\/#primaryimage"},"thumbnailUrl":"https:\/\/aboutcom.com.br\/wp-content\/uploads\/2020\/10\/Understand.png","articleSection":["Conhecimento","T2H"],"inLanguage":"en-US","potentialAction":[{"@type":"CommentAction","name":"Comment","target":["https:\/\/aboutcom.com.br\/pt\/nova-era-do-consumo-conectando-se-por-meio-de-uma-comunicacao-empatica\/#respond"]}]},{"@type":"WebPage","@id":"https:\/\/aboutcom.com.br\/pt\/nova-era-do-consumo-conectando-se-por-meio-de-uma-comunicacao-empatica\/","url":"https:\/\/aboutcom.com.br\/pt\/nova-era-do-consumo-conectando-se-por-meio-de-uma-comunicacao-empatica\/","name":"Nova era do consumo: conectando-se por meio de uma comunica\u00e7\u00e3o emp\u00e1tica","isPartOf":{"@id":"https:\/\/aboutcom.com.br\/pt\/#website"},"primaryImageOfPage":{"@id":"https:\/\/aboutcom.com.br\/pt\/nova-era-do-consumo-conectando-se-por-meio-de-uma-comunicacao-empatica\/#primaryimage"},"image":{"@id":"https:\/\/aboutcom.com.br\/pt\/nova-era-do-consumo-conectando-se-por-meio-de-uma-comunicacao-empatica\/#primaryimage"},"thumbnailUrl":"https:\/\/aboutcom.com.br\/wp-content\/uploads\/2020\/10\/Understand.png","datePublished":"2020-10-15T09:30:52+00:00","dateModified":"2025-08-01T13:02:27+00:00","description":"O consumo e import\u00e2ncia da comunica\u00e7\u00e3o emp\u00e1tica para as necessidades dos consumidores","breadcrumb":{"@id":"https:\/\/aboutcom.com.br\/pt\/nova-era-do-consumo-conectando-se-por-meio-de-uma-comunicacao-empatica\/#breadcrumb"},"inLanguage":"en-US","potentialAction":[{"@type":"ReadAction","target":["https:\/\/aboutcom.com.br\/pt\/nova-era-do-consumo-conectando-se-por-meio-de-uma-comunicacao-empatica\/"]}]},{"@type":"ImageObject","inLanguage":"en-US","@id":"https:\/\/aboutcom.com.br\/pt\/nova-era-do-consumo-conectando-se-por-meio-de-uma-comunicacao-empatica\/#primaryimage","url":"https:\/\/aboutcom.com.br\/wp-content\/uploads\/2020\/10\/Understand.png","contentUrl":"https:\/\/aboutcom.com.br\/wp-content\/uploads\/2020\/10\/Understand.png","width":2240,"height":1260},{"@type":"BreadcrumbList","@id":"https:\/\/aboutcom.com.br\/pt\/nova-era-do-consumo-conectando-se-por-meio-de-uma-comunicacao-empatica\/#breadcrumb","itemListElement":[{"@type":"ListItem","position":1,"name":"Home","item":"https:\/\/aboutcom.com.br\/pt\/"},{"@type":"ListItem","position":2,"name":"Nova era do consumo: conectando-se por meio de uma comunica\u00e7\u00e3o emp\u00e1tica"}]},{"@type":"WebSite","@id":"https:\/\/aboutcom.com.br\/pt\/#website","url":"https:\/\/aboutcom.com.br\/pt\/","name":"Aboutcom","description":"Communication Specialists","publisher":{"@id":"https:\/\/aboutcom.com.br\/pt\/#organization"},"potentialAction":[{"@type":"SearchAction","target":{"@type":"EntryPoint","urlTemplate":"https:\/\/aboutcom.com.br\/pt\/?s={search_term_string}"},"query-input":{"@type":"PropertyValueSpecification","valueRequired":true,"valueName":"search_term_string"}}],"inLanguage":"en-US"},{"@type":"Organization","@id":"https:\/\/aboutcom.com.br\/pt\/#organization","name":"Aboutcom","url":"https:\/\/aboutcom.com.br\/pt\/","logo":{"@type":"ImageObject","inLanguage":"en-US","@id":"https:\/\/aboutcom.com.br\/pt\/#\/schema\/logo\/image\/","url":"https:\/\/aboutcom.com.br\/wp-content\/uploads\/2025\/08\/aboutCOM_LOGO-10-scaled.png","contentUrl":"https:\/\/aboutcom.com.br\/wp-content\/uploads\/2025\/08\/aboutCOM_LOGO-10-scaled.png","width":2560,"height":786,"caption":"Aboutcom"},"image":{"@id":"https:\/\/aboutcom.com.br\/pt\/#\/schema\/logo\/image\/"}},{"@type":"Person","@id":"https:\/\/aboutcom.com.br\/pt\/#\/schema\/person\/b58cd43cdc3d9b77435c992981746445","name":"Lilian Diniz","image":{"@type":"ImageObject","inLanguage":"en-US","@id":"https:\/\/secure.gravatar.com\/avatar\/edb5a3757001cd9e9cf4f410ea42652fcbe8fec9dab310605315f26d46b9244b?s=96&d=mm&r=g","url":"https:\/\/secure.gravatar.com\/avatar\/edb5a3757001cd9e9cf4f410ea42652fcbe8fec9dab310605315f26d46b9244b?s=96&d=mm&r=g","contentUrl":"https:\/\/secure.gravatar.com\/avatar\/edb5a3757001cd9e9cf4f410ea42652fcbe8fec9dab310605315f26d46b9244b?s=96&d=mm&r=g","caption":"Lilian Diniz"},"url":"https:\/\/aboutcom.com.br\/en\/author\/lilian\/"}]}},"_links":{"self":[{"href":"https:\/\/aboutcom.com.br\/en\/wp-json\/wp\/v2\/posts\/1165","targetHints":{"allow":["GET"]}}],"collection":[{"href":"https:\/\/aboutcom.com.br\/en\/wp-json\/wp\/v2\/posts"}],"about":[{"href":"https:\/\/aboutcom.com.br\/en\/wp-json\/wp\/v2\/types\/post"}],"author":[{"embeddable":true,"href":"https:\/\/aboutcom.com.br\/en\/wp-json\/wp\/v2\/users\/3"}],"replies":[{"embeddable":true,"href":"https:\/\/aboutcom.com.br\/en\/wp-json\/wp\/v2\/comments?post=1165"}],"version-history":[{"count":2,"href":"https:\/\/aboutcom.com.br\/en\/wp-json\/wp\/v2\/posts\/1165\/revisions"}],"predecessor-version":[{"id":1169,"href":"https:\/\/aboutcom.com.br\/en\/wp-json\/wp\/v2\/posts\/1165\/revisions\/1169"}],"wp:featuredmedia":[{"embeddable":true,"href":"https:\/\/aboutcom.com.br\/en\/wp-json\/wp\/v2\/media\/1166"}],"wp:attachment":[{"href":"https:\/\/aboutcom.com.br\/en\/wp-json\/wp\/v2\/media?parent=1165"}],"wp:term":[{"taxonomy":"category","embeddable":true,"href":"https:\/\/aboutcom.com.br\/en\/wp-json\/wp\/v2\/categories?post=1165"},{"taxonomy":"post_tag","embeddable":true,"href":"https:\/\/aboutcom.com.br\/en\/wp-json\/wp\/v2\/tags?post=1165"}],"curies":[{"name":"wp","href":"https:\/\/api.w.org\/{rel}","templated":true}]}}