{"id":1203,"date":"2020-12-08T20:30:02","date_gmt":"2020-12-08T20:30:02","guid":{"rendered":"http:\/\/aboutcom.com.br\/pt\/?p=1203"},"modified":"2025-08-01T13:01:51","modified_gmt":"2025-08-01T13:01:51","slug":"quando-informacao-e-diferencial-o-valor-dos-dados-na-comunicacao-tech","status":"publish","type":"post","link":"https:\/\/aboutcom.com.br\/en\/quando-informacao-e-diferencial-o-valor-dos-dados-na-comunicacao-tech\/","title":{"rendered":"Quando informa\u00e7\u00e3o \u00e9 diferencial? O valor dos dados na comunica\u00e7\u00e3o tech"},"content":{"rendered":"<p><span style=\"font-weight: 400;\">Likes, views, shares, cliques: hoje temos acesso a um grande n\u00famero de informa\u00e7\u00f5es que, sem estrat\u00e9gia, n\u00e3o levam uma empresa a lugar algum.\u00a0<\/span><!--more--><\/p>\n<p><span style=\"font-weight: 400;\">Quem atua com comunica\u00e7\u00e3o sabe que n\u00e3o foi <\/span><i><span style=\"font-weight: 400;\">apenas <\/span><\/i><span style=\"font-weight: 400;\">para mensurar o <\/span><i><span style=\"font-weight: 400;\">alcance<\/span><\/i><span style=\"font-weight: 400;\"> de determinado conte\u00fado que as grandes empresas de comunica\u00e7\u00e3o e tecnologia desenvolveram os algoritmos.\u00a0<\/span><\/p>\n<p><span style=\"font-weight: 400;\">As informa\u00e7\u00f5es obtidas, seus padr\u00f5es e tend\u00eancias, servem para examinar o comportamento dos consumidores. Para as empresas, permite conhecer os h\u00e1bitos <\/span><a href=\"http:\/\/aboutcom.com.br\/pt\/qual-imagem-sua-empresa-esta-deixando-na-internet\/#t2h\"><span style=\"font-weight: 400;\">online e offline<\/span><\/a><span style=\"font-weight: 400;\"> do potencial cliente, tornando poss\u00edvel construir an\u00e1lises qualitativas que guiem estrat\u00e9gias para gerar ainda mais neg\u00f3cios.<\/span><\/p>\n<p><span style=\"font-weight: 400;\">Um exemplo \u00e9 o Instagram. Em 2016 foi lan\u00e7ado o perfil corporativo, e se tornou poss\u00edvel gerar m\u00e9tricas nesta rede.\u00a0<\/span><\/p>\n<p><span style=\"font-weight: 400;\">Como sabemos, assim como as pr\u00f3prias funcionalidades, as m\u00e9tricas v\u00eam sendo repaginadas a cada atualiza\u00e7\u00e3o, e o Instagram se tornou uma ferramenta que <\/span><b>pode ser<\/b><span style=\"font-weight: 400;\"> essencial na estrat\u00e9gia de algumas empresas, enquanto, para outras, nem tanto.\u00a0<\/span><\/p>\n<p><span style=\"font-weight: 400;\">Na comunica\u00e7\u00e3o <\/span><i><span style=\"font-weight: 400;\">tech<\/span><\/i><span style=\"font-weight: 400;\">, os dados obtidos pelo comportamento digital do consumidor ou do potencial cliente s\u00e3o valiosos. Inclusive para definir em<\/span><i><span style=\"font-weight: 400;\"> quais redes sociais<\/span><\/i><span style=\"font-weight: 400;\"> vale o investimento.\u00a0<\/span><\/p>\n<p><span style=\"font-weight: 400;\">A gera\u00e7\u00e3o de dados e seu aproveitamento podem ser muito bem usados <\/span><a href=\"http:\/\/aboutcom.com.br\/pt\/o-que-e-funil-na-perspectiva-de-comunicacao-empresarial\/#t2h\"><span style=\"font-weight: 400;\">na comunica\u00e7\u00e3o estrat\u00e9gica para novos neg\u00f3cios.<\/span><\/a><span style=\"font-weight: 400;\"> Conhecer o valor e gerar dados tang\u00edveis para a organiza\u00e7\u00e3o se trata de <\/span><i><span style=\"font-weight: 400;\">Business Intelligence<\/span><\/i><span style=\"font-weight: 400;\">! Saiba mais neste artigo.<\/span><\/p>\n<h3><strong>Muito al\u00e9m da informa\u00e7\u00e3o: a perspectiva de <i>Business Intelligence<\/i> (BI)<\/strong><\/h3>\n<p><span style=\"font-weight: 400;\">Tamb\u00e9m chamada de<\/span><b> intelig\u00eancia de neg\u00f3cios<\/b><span style=\"font-weight: 400;\">, Business Intelligence (BI) \u00e9 uma estrat\u00e9gia empresarial que permite selecionar o amplo volume de informa\u00e7\u00f5es (e dados) obtidas em diferentes canais e transform\u00e1-los em intelig\u00eancia.<\/span><\/p>\n<p><span style=\"font-weight: 400;\">Isso quer dizer que, neste processo de coleta e capta\u00e7\u00e3o de dados, s\u00e3o selecionados aqueles que melhor contribuem para a tomada de decis\u00f5es de um departamento ou empresa como um todo.\u00a0<\/span><\/p>\n<p><span style=\"font-weight: 400;\">A BI torna os dados em informa\u00e7\u00f5es acion\u00e1veis, que podem ser utilizadas conforme as necessidades e objetivos dos neg\u00f3cios.<\/span><\/p>\n<p><span style=\"font-weight: 400;\">Vale lembrar que <\/span><i><span style=\"font-weight: 400;\">Business Intelligence<\/span><\/i><span style=\"font-weight: 400;\"> n\u00e3o se trata de um software ou de um mecanismo, mas de um conceito que guia a capta\u00e7\u00e3o das informa\u00e7\u00f5es, dando qualidade para esse trabalho que \u00e9 bastante quantitativo.<\/span><\/p>\n<p><span style=\"font-weight: 400;\">Por isso, BI engloba uma s\u00e9rie de aplicativos, ferramentas e metodologias que transformam informa\u00e7\u00e3o em estrat\u00e9gia.<\/span><\/p>\n<h3><strong>Usando informa\u00e7\u00f5es e dados para alcan\u00e7ar objetivos<\/strong><\/h3>\n<p><b><i>Como as informa\u00e7\u00f5es que sua empresa det\u00e9m e os dados que ela gera s\u00e3o \u00fateis para criar novos neg\u00f3cios?<\/i><\/b><\/p>\n<p><span style=\"font-weight: 400;\">\u00c9 esta pergunta que orienta o uso das informa\u00e7\u00f5es dispon\u00edveis em um neg\u00f3cio, quando a estrat\u00e9gia de comunica\u00e7\u00e3o \u00e9 um dos pilares da empresa.<\/span><\/p>\n<p><span style=\"font-weight: 400;\">Ao definir os objetivos de neg\u00f3cios, \u00e9 poss\u00edvel posicionar a estrat\u00e9gia de comunica\u00e7\u00e3o para realizar um estudo eficiente e qualitativo dos dados dispon\u00edveis.\u00a0<\/span><\/p>\n<p><span style=\"font-weight: 400;\">Os especialistas em comunica\u00e7\u00e3o empresarial ir\u00e3o olhar para estes dados como fontes confi\u00e1veis a serem interpretadas para orientar as a\u00e7\u00f5es de marketing, <\/span><a href=\"http:\/\/aboutcom.com.br\/pt\/saiba-identificar-bons-resultados-de-imprensa\/#t2h\"><span style=\"font-weight: 400;\">as estrat\u00e9gias de assessoria de imprensa,<\/span><\/a><span style=\"font-weight: 400;\"> o planejamento das redes sociais, e outros canais envolvidos no plano de comunica\u00e7\u00e3o integrada.<\/span><\/p>\n<p><span style=\"font-weight: 400;\">Isso significa que,<\/span><a href=\"http:\/\/aboutcom.com.br\/pt\/about-being-aboutcom-3-os-tao-esperados-kpis\/#t2h\"><span style=\"font-weight: 400;\"> apesar da avalia\u00e7\u00e3o em comunica\u00e7\u00e3o ser subjetiva em certa medida<\/span><\/a><span style=\"font-weight: 400;\">, os <\/span><b>dados selecionados de forma inteligente servem como fontes geradoras de valor <\/b><span style=\"font-weight: 400;\">para os neg\u00f3cios a partir da interpreta\u00e7\u00e3o que \u00e9 feita deles.<\/span><\/p>\n<h3><strong>Os dados e a estrat\u00e9gia de comunica\u00e7\u00e3o integrada<\/strong><\/h3>\n<p><span style=\"font-weight: 400;\">Ent\u00e3o, <\/span><a href=\"http:\/\/aboutcom.com.br\/pt\/about-being-aboutcom-2-informacao-nao-e-diferencial\/\"><span style=\"font-weight: 400;\">quando o uso de dados na comunica\u00e7\u00e3o \u00e9 um diferencial?<\/span><\/a><span style=\"font-weight: 400;\">\u00a0<\/span><\/p>\n<p><span style=\"font-weight: 400;\">Quando sabemos us\u00e1-las para firmar a empresa no mercado!<\/span><\/p>\n<p><span style=\"font-weight: 400;\">O uso das informa\u00e7\u00f5es deve considerar todas as etapas do funil de influ\u00eancias, construindo a estrat\u00e9gia ao longo de todas as frentes de relacionamento com o cliente. S\u00f3 assim \u00e9 poss\u00edvel gerar valor a partir dos dados.<\/span><\/p>\n<h3><b>Marketing Intelligence Service<\/b><\/h3>\n<p><span style=\"font-weight: 400;\">Um exemplo do uso de dados captados para a gera\u00e7\u00e3o de neg\u00f3cios \u00e9 a ferramenta de monitoramento criada pela aboutCOM, batizada de <\/span><i><span style=\"font-weight: 400;\">Marketing Intelligence Service.<\/span><\/i><span style=\"font-weight: 400;\">\u00a0<\/span><\/p>\n<p><span style=\"font-weight: 400;\">Ela est\u00e1 fundamentada no conceito tradicional do <\/span><i><span style=\"font-weight: 400;\">clipping<\/span><\/i><span style=\"font-weight: 400;\">, por\u00e9m com a atualidade da tecnologia e a intelig\u00eancia de quem entende de comunica\u00e7\u00e3o empresarial para gera\u00e7\u00e3o de neg\u00f3cios.<\/span><\/p>\n<p><span style=\"font-weight: 400;\">Consiste em personalizar o<\/span><i><span style=\"font-weight: 400;\"> clipping<\/span><\/i><span style=\"font-weight: 400;\"> de acordo com os objetivos e necessidades do cliente, fornecendo uma lista di\u00e1ria de informa\u00e7\u00f5es sobre os investimentos de clientes e prospects. <\/span><a href=\"http:\/\/aboutcom.com.br\/pt\/hitachi-vantara-gera-leads-de-negocios-com-o-servico-de-monitoramento-de-midia-inteligente-da-aboutcom\/#t2h\"><span style=\"font-weight: 400;\">E voc\u00ea pode conhecer mais a funcionalidade dela aqui neste outro post.<\/span><\/a><span style=\"font-weight: 400;\">\u00a0<\/span><\/p>\n<h3><b>Outros usos inteligentes das informa\u00e7\u00f5es<\/b><\/h3>\n<p><span style=\"font-weight: 400;\">Outro mecanismo utilizado pela aboutCOM com alguns de nossos clientes \u00e9 a monitora\u00e7\u00e3o do comportamento dos seus consumidores ou <\/span><i><span style=\"font-weight: 400;\">prospects<\/span><\/i><span style=\"font-weight: 400;\">, a partir das intera\u00e7\u00f5es que eles mesmos fazem em diferentes espa\u00e7os digitais. Essa triagem possibilita encontrar a solu\u00e7\u00e3o de suas necessidades antes mesmo de um primeiro contato.<\/span><\/p>\n<p><span style=\"font-weight: 400;\">A t\u00e1tica, aliada \u00e0 um preparo dos porta-vozes, possibilita aos executivos que, ao se encontrarem com seus clientes, estejam familiarizados com pontos de aten\u00e7\u00e3o e possam iniciar conversas com mais propriedade, al\u00e9m de tamb\u00e9m identificar insights para orientar o planejamento a ser constru\u00eddo.<\/span><\/p>\n<p><span style=\"font-weight: 400;\">O mesmo vale, por exemplo, para as campanhas pagas, a estrat\u00e9gia das redes sociais e a estrat\u00e9gia de marketing de conte\u00fado.\u00a0<\/span><\/p>\n<p><span style=\"font-weight: 400;\">A partir do estudo dos dados da empresa, a comunica\u00e7\u00e3o pode <\/span><a href=\"http:\/\/aboutcom.com.br\/pt\/meios-de-comunicacao-e-mensagem\/#t2h\"><span style=\"font-weight: 400;\">planejar a\u00e7\u00f5es escolhendo as melhores redes<\/span><\/a><span style=\"font-weight: 400;\"> para estar presente. Al\u00e9m de definir a linguagem para os p\u00fablicos que ser\u00e3o atingidos em cada canal, e escolher os melhores assuntos e abordagens para os conte\u00fados a ser veiculados, mantendo uma narrativa \u00fanica em todos eles.<\/span><\/p>\n","protected":false},"excerpt":{"rendered":"<p>Com os algoritmos funcionando a todo vapor, volume de informa\u00e7\u00f5es que uma empresa recebe \u00e9 cada vez maior.<br \/>\nMas na era da comunica\u00e7\u00e3o, informa\u00e7\u00e3o s\u00f3 \u00e9 diferencial quando sabemos como us\u00e1-la. Neste post descubra como os dados podem gerar valor para o seu neg\u00f3cio!<\/p>\n","protected":false},"author":3,"featured_media":1204,"comment_status":"open","ping_status":"open","sticky":false,"template":"","format":"standard","meta":{"_acf_changed":false,"inline_featured_image":false,"footnotes":""},"categories":[220,222],"tags":[],"class_list":["post-1203","post","type-post","status-publish","format-standard","has-post-thumbnail","hentry","category-conhecimento","category-t2h-conhecimento"],"blocksy_meta":[],"acf":[],"yoast_head":"<!-- This site is optimized with the Yoast SEO plugin v27.5 - https:\/\/yoast.com\/product\/yoast-seo-wordpress\/ -->\n<title>Quando informa\u00e7\u00e3o \u00e9 diferencial? O valor dos dados na comunica\u00e7\u00e3o tech<\/title>\n<meta name=\"description\" content=\"Likes, views, shares, cliques: hoje temos acesso a um grande n\u00famero de informa\u00e7\u00f5es que, sem estrat\u00e9gia, n\u00e3o levam uma empresa a lugar algum.\" \/>\n<meta name=\"robots\" content=\"index, follow, max-snippet:-1, max-image-preview:large, max-video-preview:-1\" \/>\n<link rel=\"canonical\" href=\"https:\/\/aboutcom.com.br\/en\/quando-informacao-e-diferencial-o-valor-dos-dados-na-comunicacao-tech\/\" \/>\n<meta property=\"og:locale\" content=\"en_US\" \/>\n<meta property=\"og:locale:alternate\" content=\"pt_BR\" \/>\n<meta property=\"og:locale:alternate\" content=\"es_ES\" \/>\n<meta property=\"og:type\" content=\"article\" \/>\n<meta property=\"og:title\" content=\"Quando informa\u00e7\u00e3o \u00e9 diferencial? O valor dos dados na comunica\u00e7\u00e3o tech\" \/>\n<meta property=\"og:description\" content=\"Likes, views, shares, cliques: hoje temos acesso a um grande n\u00famero de informa\u00e7\u00f5es que, sem estrat\u00e9gia, n\u00e3o levam uma empresa a lugar algum.\" \/>\n<meta property=\"og:url\" content=\"https:\/\/aboutcom.com.br\/en\/quando-informacao-e-diferencial-o-valor-dos-dados-na-comunicacao-tech\/\" \/>\n<meta property=\"og:site_name\" content=\"Aboutcom\" \/>\n<meta property=\"article:published_time\" content=\"2020-12-08T20:30:02+00:00\" \/>\n<meta property=\"article:modified_time\" content=\"2025-08-01T13:01:51+00:00\" \/>\n<meta property=\"og:image\" content=\"https:\/\/aboutcom.com.br\/wp-content\/uploads\/2020\/12\/Quando-informa\u00e7\u00e3o-\u00e9-diferencial-O-valor-dos-dados-na-comunica\u00e7\u00e3o-tech.png\" \/>\n\t<meta property=\"og:image:width\" content=\"960\" \/>\n\t<meta property=\"og:image:height\" content=\"640\" \/>\n\t<meta property=\"og:image:type\" content=\"image\/png\" \/>\n<meta name=\"author\" content=\"Lilian Diniz\" \/>\n<meta name=\"twitter:card\" content=\"summary_large_image\" \/>\n<meta name=\"twitter:label1\" content=\"Written by\" \/>\n\t<meta name=\"twitter:data1\" content=\"Lilian Diniz\" \/>\n\t<meta name=\"twitter:label2\" content=\"Est. reading time\" \/>\n\t<meta name=\"twitter:data2\" content=\"5 minutes\" \/>\n<script type=\"application\/ld+json\" class=\"yoast-schema-graph\">{\"@context\":\"https:\\\/\\\/schema.org\",\"@graph\":[{\"@type\":\"Article\",\"@id\":\"https:\\\/\\\/aboutcom.com.br\\\/pt\\\/quando-informacao-e-diferencial-o-valor-dos-dados-na-comunicacao-tech\\\/#article\",\"isPartOf\":{\"@id\":\"https:\\\/\\\/aboutcom.com.br\\\/pt\\\/quando-informacao-e-diferencial-o-valor-dos-dados-na-comunicacao-tech\\\/\"},\"author\":{\"name\":\"Lilian Diniz\",\"@id\":\"https:\\\/\\\/aboutcom.com.br\\\/pt\\\/#\\\/schema\\\/person\\\/b58cd43cdc3d9b77435c992981746445\"},\"headline\":\"Quando informa\u00e7\u00e3o \u00e9 diferencial? O valor dos dados na comunica\u00e7\u00e3o tech\",\"datePublished\":\"2020-12-08T20:30:02+00:00\",\"dateModified\":\"2025-08-01T13:01:51+00:00\",\"mainEntityOfPage\":{\"@id\":\"https:\\\/\\\/aboutcom.com.br\\\/pt\\\/quando-informacao-e-diferencial-o-valor-dos-dados-na-comunicacao-tech\\\/\"},\"wordCount\":948,\"commentCount\":0,\"publisher\":{\"@id\":\"https:\\\/\\\/aboutcom.com.br\\\/pt\\\/#organization\"},\"image\":{\"@id\":\"https:\\\/\\\/aboutcom.com.br\\\/pt\\\/quando-informacao-e-diferencial-o-valor-dos-dados-na-comunicacao-tech\\\/#primaryimage\"},\"thumbnailUrl\":\"https:\\\/\\\/aboutcom.com.br\\\/wp-content\\\/uploads\\\/2020\\\/12\\\/Quando-informa\u00e7\u00e3o-\u00e9-diferencial-O-valor-dos-dados-na-comunica\u00e7\u00e3o-tech.png\",\"articleSection\":[\"Conhecimento\",\"T2H\"],\"inLanguage\":\"en-US\",\"potentialAction\":[{\"@type\":\"CommentAction\",\"name\":\"Comment\",\"target\":[\"https:\\\/\\\/aboutcom.com.br\\\/pt\\\/quando-informacao-e-diferencial-o-valor-dos-dados-na-comunicacao-tech\\\/#respond\"]}]},{\"@type\":\"WebPage\",\"@id\":\"https:\\\/\\\/aboutcom.com.br\\\/pt\\\/quando-informacao-e-diferencial-o-valor-dos-dados-na-comunicacao-tech\\\/\",\"url\":\"https:\\\/\\\/aboutcom.com.br\\\/pt\\\/quando-informacao-e-diferencial-o-valor-dos-dados-na-comunicacao-tech\\\/\",\"name\":\"Quando informa\u00e7\u00e3o \u00e9 diferencial? O valor dos dados na comunica\u00e7\u00e3o tech\",\"isPartOf\":{\"@id\":\"https:\\\/\\\/aboutcom.com.br\\\/pt\\\/#website\"},\"primaryImageOfPage\":{\"@id\":\"https:\\\/\\\/aboutcom.com.br\\\/pt\\\/quando-informacao-e-diferencial-o-valor-dos-dados-na-comunicacao-tech\\\/#primaryimage\"},\"image\":{\"@id\":\"https:\\\/\\\/aboutcom.com.br\\\/pt\\\/quando-informacao-e-diferencial-o-valor-dos-dados-na-comunicacao-tech\\\/#primaryimage\"},\"thumbnailUrl\":\"https:\\\/\\\/aboutcom.com.br\\\/wp-content\\\/uploads\\\/2020\\\/12\\\/Quando-informa\u00e7\u00e3o-\u00e9-diferencial-O-valor-dos-dados-na-comunica\u00e7\u00e3o-tech.png\",\"datePublished\":\"2020-12-08T20:30:02+00:00\",\"dateModified\":\"2025-08-01T13:01:51+00:00\",\"description\":\"Likes, views, shares, cliques: hoje temos acesso a um grande n\u00famero de informa\u00e7\u00f5es que, sem estrat\u00e9gia, n\u00e3o levam uma empresa a lugar algum.\",\"breadcrumb\":{\"@id\":\"https:\\\/\\\/aboutcom.com.br\\\/pt\\\/quando-informacao-e-diferencial-o-valor-dos-dados-na-comunicacao-tech\\\/#breadcrumb\"},\"inLanguage\":\"en-US\",\"potentialAction\":[{\"@type\":\"ReadAction\",\"target\":[\"https:\\\/\\\/aboutcom.com.br\\\/pt\\\/quando-informacao-e-diferencial-o-valor-dos-dados-na-comunicacao-tech\\\/\"]}]},{\"@type\":\"ImageObject\",\"inLanguage\":\"en-US\",\"@id\":\"https:\\\/\\\/aboutcom.com.br\\\/pt\\\/quando-informacao-e-diferencial-o-valor-dos-dados-na-comunicacao-tech\\\/#primaryimage\",\"url\":\"https:\\\/\\\/aboutcom.com.br\\\/wp-content\\\/uploads\\\/2020\\\/12\\\/Quando-informa\u00e7\u00e3o-\u00e9-diferencial-O-valor-dos-dados-na-comunica\u00e7\u00e3o-tech.png\",\"contentUrl\":\"https:\\\/\\\/aboutcom.com.br\\\/wp-content\\\/uploads\\\/2020\\\/12\\\/Quando-informa\u00e7\u00e3o-\u00e9-diferencial-O-valor-dos-dados-na-comunica\u00e7\u00e3o-tech.png\",\"width\":960,\"height\":640,\"caption\":\"Quando informa\u00e7\u00e3o \u00e9 diferencial O valor dos dados na comunica\u00e7\u00e3o tech\"},{\"@type\":\"BreadcrumbList\",\"@id\":\"https:\\\/\\\/aboutcom.com.br\\\/pt\\\/quando-informacao-e-diferencial-o-valor-dos-dados-na-comunicacao-tech\\\/#breadcrumb\",\"itemListElement\":[{\"@type\":\"ListItem\",\"position\":1,\"name\":\"Home\",\"item\":\"https:\\\/\\\/aboutcom.com.br\\\/pt\\\/\"},{\"@type\":\"ListItem\",\"position\":2,\"name\":\"Quando informa\u00e7\u00e3o \u00e9 diferencial? O valor dos dados na comunica\u00e7\u00e3o tech\"}]},{\"@type\":\"WebSite\",\"@id\":\"https:\\\/\\\/aboutcom.com.br\\\/pt\\\/#website\",\"url\":\"https:\\\/\\\/aboutcom.com.br\\\/pt\\\/\",\"name\":\"Aboutcom\",\"description\":\"Communication Specialists\",\"publisher\":{\"@id\":\"https:\\\/\\\/aboutcom.com.br\\\/pt\\\/#organization\"},\"potentialAction\":[{\"@type\":\"SearchAction\",\"target\":{\"@type\":\"EntryPoint\",\"urlTemplate\":\"https:\\\/\\\/aboutcom.com.br\\\/pt\\\/?s={search_term_string}\"},\"query-input\":{\"@type\":\"PropertyValueSpecification\",\"valueRequired\":true,\"valueName\":\"search_term_string\"}}],\"inLanguage\":\"en-US\"},{\"@type\":\"Organization\",\"@id\":\"https:\\\/\\\/aboutcom.com.br\\\/pt\\\/#organization\",\"name\":\"Aboutcom\",\"url\":\"https:\\\/\\\/aboutcom.com.br\\\/pt\\\/\",\"logo\":{\"@type\":\"ImageObject\",\"inLanguage\":\"en-US\",\"@id\":\"https:\\\/\\\/aboutcom.com.br\\\/pt\\\/#\\\/schema\\\/logo\\\/image\\\/\",\"url\":\"https:\\\/\\\/aboutcom.com.br\\\/wp-content\\\/uploads\\\/2025\\\/08\\\/aboutCOM_LOGO-10-scaled.png\",\"contentUrl\":\"https:\\\/\\\/aboutcom.com.br\\\/wp-content\\\/uploads\\\/2025\\\/08\\\/aboutCOM_LOGO-10-scaled.png\",\"width\":2560,\"height\":786,\"caption\":\"Aboutcom\"},\"image\":{\"@id\":\"https:\\\/\\\/aboutcom.com.br\\\/pt\\\/#\\\/schema\\\/logo\\\/image\\\/\"}},{\"@type\":\"Person\",\"@id\":\"https:\\\/\\\/aboutcom.com.br\\\/pt\\\/#\\\/schema\\\/person\\\/b58cd43cdc3d9b77435c992981746445\",\"name\":\"Lilian Diniz\",\"image\":{\"@type\":\"ImageObject\",\"inLanguage\":\"en-US\",\"@id\":\"https:\\\/\\\/secure.gravatar.com\\\/avatar\\\/edb5a3757001cd9e9cf4f410ea42652fcbe8fec9dab310605315f26d46b9244b?s=96&d=mm&r=g\",\"url\":\"https:\\\/\\\/secure.gravatar.com\\\/avatar\\\/edb5a3757001cd9e9cf4f410ea42652fcbe8fec9dab310605315f26d46b9244b?s=96&d=mm&r=g\",\"contentUrl\":\"https:\\\/\\\/secure.gravatar.com\\\/avatar\\\/edb5a3757001cd9e9cf4f410ea42652fcbe8fec9dab310605315f26d46b9244b?s=96&d=mm&r=g\",\"caption\":\"Lilian Diniz\"},\"url\":\"https:\\\/\\\/aboutcom.com.br\\\/en\\\/author\\\/lilian\\\/\"}]}<\/script>\n<!-- \/ Yoast SEO plugin. -->","yoast_head_json":{"title":"Quando informa\u00e7\u00e3o \u00e9 diferencial? O valor dos dados na comunica\u00e7\u00e3o tech","description":"Likes, views, shares, cliques: hoje temos acesso a um grande n\u00famero de informa\u00e7\u00f5es que, sem estrat\u00e9gia, n\u00e3o levam uma empresa a lugar algum.","robots":{"index":"index","follow":"follow","max-snippet":"max-snippet:-1","max-image-preview":"max-image-preview:large","max-video-preview":"max-video-preview:-1"},"canonical":"https:\/\/aboutcom.com.br\/en\/quando-informacao-e-diferencial-o-valor-dos-dados-na-comunicacao-tech\/","og_locale":"en_US","og_type":"article","og_title":"[:pt]Quando informa\u00e7\u00e3o \u00e9 diferencial? O valor dos dados na comunica\u00e7\u00e3o tech[:] - Aboutcom","og_description":"Likes, views, shares, cliques: hoje temos acesso a um grande n\u00famero de informa\u00e7\u00f5es que, sem estrat\u00e9gia, n\u00e3o levam uma empresa a lugar algum.","og_url":"https:\/\/aboutcom.com.br\/en\/quando-informacao-e-diferencial-o-valor-dos-dados-na-comunicacao-tech\/","og_site_name":"Aboutcom","article_published_time":"2020-12-08T20:30:02+00:00","article_modified_time":"2025-08-01T13:01:51+00:00","og_image":[{"width":960,"height":640,"url":"https:\/\/aboutcom.com.br\/wp-content\/uploads\/2020\/12\/Quando-informa\u00e7\u00e3o-\u00e9-diferencial-O-valor-dos-dados-na-comunica\u00e7\u00e3o-tech.png","type":"image\/png"}],"author":"Lilian Diniz","twitter_card":"summary_large_image","twitter_misc":{"Written by":"Lilian Diniz","Est. reading time":"5 minutes"},"schema":{"@context":"https:\/\/schema.org","@graph":[{"@type":"Article","@id":"https:\/\/aboutcom.com.br\/pt\/quando-informacao-e-diferencial-o-valor-dos-dados-na-comunicacao-tech\/#article","isPartOf":{"@id":"https:\/\/aboutcom.com.br\/pt\/quando-informacao-e-diferencial-o-valor-dos-dados-na-comunicacao-tech\/"},"author":{"name":"Lilian Diniz","@id":"https:\/\/aboutcom.com.br\/pt\/#\/schema\/person\/b58cd43cdc3d9b77435c992981746445"},"headline":"Quando informa\u00e7\u00e3o \u00e9 diferencial? O valor dos dados na comunica\u00e7\u00e3o tech","datePublished":"2020-12-08T20:30:02+00:00","dateModified":"2025-08-01T13:01:51+00:00","mainEntityOfPage":{"@id":"https:\/\/aboutcom.com.br\/pt\/quando-informacao-e-diferencial-o-valor-dos-dados-na-comunicacao-tech\/"},"wordCount":948,"commentCount":0,"publisher":{"@id":"https:\/\/aboutcom.com.br\/pt\/#organization"},"image":{"@id":"https:\/\/aboutcom.com.br\/pt\/quando-informacao-e-diferencial-o-valor-dos-dados-na-comunicacao-tech\/#primaryimage"},"thumbnailUrl":"https:\/\/aboutcom.com.br\/wp-content\/uploads\/2020\/12\/Quando-informa\u00e7\u00e3o-\u00e9-diferencial-O-valor-dos-dados-na-comunica\u00e7\u00e3o-tech.png","articleSection":["Conhecimento","T2H"],"inLanguage":"en-US","potentialAction":[{"@type":"CommentAction","name":"Comment","target":["https:\/\/aboutcom.com.br\/pt\/quando-informacao-e-diferencial-o-valor-dos-dados-na-comunicacao-tech\/#respond"]}]},{"@type":"WebPage","@id":"https:\/\/aboutcom.com.br\/pt\/quando-informacao-e-diferencial-o-valor-dos-dados-na-comunicacao-tech\/","url":"https:\/\/aboutcom.com.br\/pt\/quando-informacao-e-diferencial-o-valor-dos-dados-na-comunicacao-tech\/","name":"Quando informa\u00e7\u00e3o \u00e9 diferencial? O valor dos dados na comunica\u00e7\u00e3o tech","isPartOf":{"@id":"https:\/\/aboutcom.com.br\/pt\/#website"},"primaryImageOfPage":{"@id":"https:\/\/aboutcom.com.br\/pt\/quando-informacao-e-diferencial-o-valor-dos-dados-na-comunicacao-tech\/#primaryimage"},"image":{"@id":"https:\/\/aboutcom.com.br\/pt\/quando-informacao-e-diferencial-o-valor-dos-dados-na-comunicacao-tech\/#primaryimage"},"thumbnailUrl":"https:\/\/aboutcom.com.br\/wp-content\/uploads\/2020\/12\/Quando-informa\u00e7\u00e3o-\u00e9-diferencial-O-valor-dos-dados-na-comunica\u00e7\u00e3o-tech.png","datePublished":"2020-12-08T20:30:02+00:00","dateModified":"2025-08-01T13:01:51+00:00","description":"Likes, views, shares, cliques: hoje temos acesso a um grande n\u00famero de informa\u00e7\u00f5es que, sem estrat\u00e9gia, n\u00e3o levam uma empresa a lugar algum.","breadcrumb":{"@id":"https:\/\/aboutcom.com.br\/pt\/quando-informacao-e-diferencial-o-valor-dos-dados-na-comunicacao-tech\/#breadcrumb"},"inLanguage":"en-US","potentialAction":[{"@type":"ReadAction","target":["https:\/\/aboutcom.com.br\/pt\/quando-informacao-e-diferencial-o-valor-dos-dados-na-comunicacao-tech\/"]}]},{"@type":"ImageObject","inLanguage":"en-US","@id":"https:\/\/aboutcom.com.br\/pt\/quando-informacao-e-diferencial-o-valor-dos-dados-na-comunicacao-tech\/#primaryimage","url":"https:\/\/aboutcom.com.br\/wp-content\/uploads\/2020\/12\/Quando-informa\u00e7\u00e3o-\u00e9-diferencial-O-valor-dos-dados-na-comunica\u00e7\u00e3o-tech.png","contentUrl":"https:\/\/aboutcom.com.br\/wp-content\/uploads\/2020\/12\/Quando-informa\u00e7\u00e3o-\u00e9-diferencial-O-valor-dos-dados-na-comunica\u00e7\u00e3o-tech.png","width":960,"height":640,"caption":"Quando informa\u00e7\u00e3o \u00e9 diferencial O valor dos dados na comunica\u00e7\u00e3o tech"},{"@type":"BreadcrumbList","@id":"https:\/\/aboutcom.com.br\/pt\/quando-informacao-e-diferencial-o-valor-dos-dados-na-comunicacao-tech\/#breadcrumb","itemListElement":[{"@type":"ListItem","position":1,"name":"Home","item":"https:\/\/aboutcom.com.br\/pt\/"},{"@type":"ListItem","position":2,"name":"Quando informa\u00e7\u00e3o \u00e9 diferencial? O valor dos dados na comunica\u00e7\u00e3o tech"}]},{"@type":"WebSite","@id":"https:\/\/aboutcom.com.br\/pt\/#website","url":"https:\/\/aboutcom.com.br\/pt\/","name":"Aboutcom","description":"Communication Specialists","publisher":{"@id":"https:\/\/aboutcom.com.br\/pt\/#organization"},"potentialAction":[{"@type":"SearchAction","target":{"@type":"EntryPoint","urlTemplate":"https:\/\/aboutcom.com.br\/pt\/?s={search_term_string}"},"query-input":{"@type":"PropertyValueSpecification","valueRequired":true,"valueName":"search_term_string"}}],"inLanguage":"en-US"},{"@type":"Organization","@id":"https:\/\/aboutcom.com.br\/pt\/#organization","name":"Aboutcom","url":"https:\/\/aboutcom.com.br\/pt\/","logo":{"@type":"ImageObject","inLanguage":"en-US","@id":"https:\/\/aboutcom.com.br\/pt\/#\/schema\/logo\/image\/","url":"https:\/\/aboutcom.com.br\/wp-content\/uploads\/2025\/08\/aboutCOM_LOGO-10-scaled.png","contentUrl":"https:\/\/aboutcom.com.br\/wp-content\/uploads\/2025\/08\/aboutCOM_LOGO-10-scaled.png","width":2560,"height":786,"caption":"Aboutcom"},"image":{"@id":"https:\/\/aboutcom.com.br\/pt\/#\/schema\/logo\/image\/"}},{"@type":"Person","@id":"https:\/\/aboutcom.com.br\/pt\/#\/schema\/person\/b58cd43cdc3d9b77435c992981746445","name":"Lilian Diniz","image":{"@type":"ImageObject","inLanguage":"en-US","@id":"https:\/\/secure.gravatar.com\/avatar\/edb5a3757001cd9e9cf4f410ea42652fcbe8fec9dab310605315f26d46b9244b?s=96&d=mm&r=g","url":"https:\/\/secure.gravatar.com\/avatar\/edb5a3757001cd9e9cf4f410ea42652fcbe8fec9dab310605315f26d46b9244b?s=96&d=mm&r=g","contentUrl":"https:\/\/secure.gravatar.com\/avatar\/edb5a3757001cd9e9cf4f410ea42652fcbe8fec9dab310605315f26d46b9244b?s=96&d=mm&r=g","caption":"Lilian Diniz"},"url":"https:\/\/aboutcom.com.br\/en\/author\/lilian\/"}]}},"_links":{"self":[{"href":"https:\/\/aboutcom.com.br\/en\/wp-json\/wp\/v2\/posts\/1203","targetHints":{"allow":["GET"]}}],"collection":[{"href":"https:\/\/aboutcom.com.br\/en\/wp-json\/wp\/v2\/posts"}],"about":[{"href":"https:\/\/aboutcom.com.br\/en\/wp-json\/wp\/v2\/types\/post"}],"author":[{"embeddable":true,"href":"https:\/\/aboutcom.com.br\/en\/wp-json\/wp\/v2\/users\/3"}],"replies":[{"embeddable":true,"href":"https:\/\/aboutcom.com.br\/en\/wp-json\/wp\/v2\/comments?post=1203"}],"version-history":[{"count":2,"href":"https:\/\/aboutcom.com.br\/en\/wp-json\/wp\/v2\/posts\/1203\/revisions"}],"predecessor-version":[{"id":1206,"href":"https:\/\/aboutcom.com.br\/en\/wp-json\/wp\/v2\/posts\/1203\/revisions\/1206"}],"wp:featuredmedia":[{"embeddable":true,"href":"https:\/\/aboutcom.com.br\/en\/wp-json\/wp\/v2\/media\/1204"}],"wp:attachment":[{"href":"https:\/\/aboutcom.com.br\/en\/wp-json\/wp\/v2\/media?parent=1203"}],"wp:term":[{"taxonomy":"category","embeddable":true,"href":"https:\/\/aboutcom.com.br\/en\/wp-json\/wp\/v2\/categories?post=1203"},{"taxonomy":"post_tag","embeddable":true,"href":"https:\/\/aboutcom.com.br\/en\/wp-json\/wp\/v2\/tags?post=1203"}],"curies":[{"name":"wp","href":"https:\/\/api.w.org\/{rel}","templated":true}]}}