{"id":699,"date":"2019-05-21T09:00:46","date_gmt":"2019-05-21T09:00:46","guid":{"rendered":"http:\/\/aboutcom.com.br\/\/pt\/?p=699"},"modified":"2025-08-01T13:07:49","modified_gmt":"2025-08-01T13:07:49","slug":"como-utilizar-dados-e-analises-para-otimizar-campanhas-de-pr","status":"publish","type":"post","link":"https:\/\/aboutcom.com.br\/en\/como-utilizar-dados-e-analises-para-otimizar-campanhas-de-pr\/","title":{"rendered":"Como utilizar dados e an\u00e1lises para otimizar campanhas de PR"},"content":{"rendered":"<p><span style=\"font-weight: 400;\">Executivos e gestores de comunica\u00e7\u00e3o sabem que, para construir uma reputa\u00e7\u00e3o de marca, \u00e9 necess\u00e1rio estar atento ao p\u00fablico consumidor e seus h\u00e1bitos. Para muitos setores, entretanto, as estrat\u00e9gias de rela\u00e7\u00f5es p\u00fablicas parecem n\u00e3o apresentar m\u00e9tricas claras.<\/span><!--more--><\/p>\n<p><span style=\"font-weight: 400;\">Felizmente, com o avan\u00e7o das tecnologias, ao exemplo do desenvolvimento em Big Data, essa realidade se alterou. Hoje, \u00e9 poss\u00edvel utilizar a captura de dados como uma forma muito mais f\u00e1cil e eficaz para otimizar as campanhas de rela\u00e7\u00f5es p\u00fablicas, trazendo bons resultados para a confiabilidade da marca no mercado.<\/span><\/p>\n<p><span style=\"font-weight: 400;\">E \u00e9 este o assunto que iremos abordar neste blog post, demonstrando alguns recursos que j\u00e1 est\u00e3o sendo aplicados por empresas no ramo de tecnologia. Confira abaixo as formas de recorrer \u00e0 an\u00e1lise de dados para favorecer a comunica\u00e7\u00e3o da sua empresa.<\/span><\/p>\n<h2><b>Campanhas de PR<\/b><\/h2>\n<p><span style=\"font-weight: 400;\">Empresas especializadas em rela\u00e7\u00f5es p\u00fablicas constr\u00f3em diferentes estrat\u00e9gias para realizar um eficaz posicionamento de marca e conquistar credibilidade no mercado. E isso envolve pesquisas de opini\u00e3o, grupos focais, clipping e outros m\u00e9todos para captar dados e informa\u00e7\u00f5es pertinentes que demonstram qual \u00e9 a satisfa\u00e7\u00e3o ou a insatisfa\u00e7\u00e3o do p\u00fablico de forma geral e na m\u00eddia.<\/span><\/p>\n<p><span style=\"font-weight: 400;\">Quem est\u00e1 h\u00e1 um tempo atuando na \u00e1rea de comunica\u00e7\u00e3o social e marketing sabe que um\u00a0 dos problemas mais recorrentes nas empresas \u00e9 o de demonstrar as m\u00e9tricas aos outros departamentos, evidenciando que os<\/span><a href=\"http:\/\/aboutcom.com.br\/saiba-identificar-bons-resultados-de-imprensa\/\"> <span style=\"font-weight: 400;\">investimentos em estrat\u00e9gias de rela\u00e7\u00f5es p\u00fablicas s\u00e3o realmente relevantes<\/span><\/a><span style=\"font-weight: 400;\"> para a empresa.<\/span><\/p>\n<p><span style=\"font-weight: 400;\">Essa dificuldade ocorre por causa da complexidade em realizar a an\u00e1lise e o cruzamento dessas informa\u00e7\u00f5es captadas, al\u00e9m da interpreta\u00e7\u00e3o desse grande volume de dados, o que permitir\u00e1 tra\u00e7ar outras estrat\u00e9gias de marketing para solucionar as quest\u00f5es identificadas.<\/span><\/p>\n<p><span style=\"font-weight: 400;\">Felizmente hoje \u00e9 poss\u00edvel dizer que a realidade est\u00e1 se alterando, devido aos desenvolvimentos em<\/span><a href=\"http:\/\/aboutcom.com.br\/como-inteligencia-artificial-e-tecnologia-estao-mudando-o-mercado-de-jornalismo-e-comunicacao\/\"> <span style=\"font-weight: 400;\">Intelig\u00eancia Artificial (IA) e Big Data<\/span><\/a><span style=\"font-weight: 400;\">.<\/span><\/p>\n<h2><b>Utiliza\u00e7\u00e3o de dados e an\u00e1lises<\/b><\/h2>\n<p><span style=\"font-weight: 400;\">\u00a0<\/span><\/p>\n<p><span style=\"font-weight: 400;\">O mercado de comunica\u00e7\u00e3o social, seja o marketing, as rela\u00e7\u00f5es p\u00fablicas ou o jornalismo, est\u00e1 sofrendo grandes impactos do desenvolvimento em tecnologias da informa\u00e7\u00e3o.<\/span><\/p>\n<p><span style=\"font-weight: 400;\">Isso porque a IA e o Big Data permitem a automa\u00e7\u00e3o da capta\u00e7\u00e3o de informa\u00e7\u00f5es, com a computa\u00e7\u00e3o de dados informativos, cria\u00e7\u00e3o de infogr\u00e1ficos e at\u00e9 a realiza\u00e7\u00e3o de an\u00e1lises econ\u00f4micas de forma muito mais r\u00e1pida do que a forma mec\u00e2nica realizada pelos seres humanos.<\/span><\/p>\n<p><span style=\"font-weight: 400;\">A intelig\u00eancia estat\u00edstica ainda contribui para mensurar, por exemplo, resultados das m\u00eddias digitais, como dados espec\u00edficos sobre os acessos em sites e blogs e tamb\u00e9m o envolvimento com campanhas, tudo a partir de algoritmos que apresentam os n\u00fameros de forma simples e estruturada.<\/span><\/p>\n<p><span style=\"font-weight: 400;\">Os dados obtidos ainda contribuem para identificar novos leads e quantific\u00e1-los e separ\u00e1-los de acordo com seus comportamentos, interesses e necessidades. A diferen\u00e7a aqui \u00e9 que \u00e9 necess\u00e1rio um time especializado para realizar a interpreta\u00e7\u00e3o destes n\u00fameros, refletindo no plano de m\u00eddia as estrat\u00e9gias que correspondam aos dados obtidos.<\/span><\/p>\n<h2><b>Clipping Inteligente<\/b><\/h2>\n<p><span style=\"font-weight: 400;\">Esses avan\u00e7os proporcionaram para os departamentos de comunica\u00e7\u00e3o outras facilidades e que levam a otimizar as campanhas de rela\u00e7\u00f5es p\u00fablicas de forma muito mais r\u00e1pida e eficaz. \u00c9 o exemplo do servi\u00e7o de monitoramento de m\u00eddia, realizado pela aboutCOM.<\/span><\/p>\n<p><span style=\"font-weight: 400;\">Aqui na aboutCOM o clipping se torna muito mais valioso devido \u00e0 automa\u00e7\u00e3o do monitoramento de m\u00eddia, chamado<\/span><a href=\"http:\/\/aboutcom.com.br\/hitachi-vantara-gera-leads-de-negocios-com-o-servico-de-monitoramento-de-midia-inteligente-da-aboutcom\/\"> <span style=\"font-weight: 400;\">Marketing Intelligence Service<\/span><\/a><span style=\"font-weight: 400;\">. Este servi\u00e7o oferece diariamente uma lista com as principais informa\u00e7\u00f5es de investimentos de clientes e\u00a0 prospects, levando em conta a \u00e1rea de interesse, captadas na m\u00eddia.<\/span><\/p>\n<p><span style=\"font-weight: 400;\">Essas informa\u00e7\u00f5es colaboram para que os executivos sejam mais assertivos e tracem campanhas melhor direcionadas para solucionar problemas, criar novas possibilidades de neg\u00f3cios ou ampliar a visibilidade de algum servi\u00e7o ou produto que est\u00e1 sendo bem avaliado na m\u00eddia.<\/span><\/p>\n<p><span style=\"font-weight: 400;\">Al\u00e9m disso, o clipping bem apurado contribui para o desenvolvimento de estrat\u00e9gias de<\/span><a href=\"http:\/\/aboutcom.com.br\/comunicacao-posicionamento-tecnologia\/\"> <span style=\"font-weight: 400;\">posicionamento executivo<\/span><\/a><span style=\"font-weight: 400;\">, reconhecendo nichos onde os porta-vozes podem atuar como Key Opinion Leaders, com entrevistas a jornais ou a participa\u00e7\u00e3o em eventos vinculados aos temas do momento.<\/span><\/p>\n<p><span style=\"font-weight: 400;\">Agora que voc\u00ea j\u00e1 sabe formas de utilizar dados e an\u00e1lises inteligentes para otimizar campanhas de PR,<\/span><a href=\"http:\/\/aboutcom.com.br\/aboutcom-responde-duvidas-de-executivos-sobre-medicao-resultados\/\"> <span style=\"font-weight: 400;\">clique aqui<\/span><\/a><span style=\"font-weight: 400;\"> e leia sobre outras d\u00favidas comuns entre os executivos de comunica\u00e7\u00e3o sobre a medi\u00e7\u00e3o de resultados.<\/span><\/p>\n<p>&nbsp;<\/p>\n","protected":false},"excerpt":{"rendered":"<p>Intelig\u00eancia empresarial: Clipping, IA e Big Data para uma comunica\u00e7\u00e3o melhor<\/p>\n","protected":false},"author":2,"featured_media":700,"comment_status":"open","ping_status":"open","sticky":false,"template":"","format":"standard","meta":{"_acf_changed":false,"inline_featured_image":false,"footnotes":""},"categories":[220,225],"tags":[],"class_list":["post-699","post","type-post","status-publish","format-standard","has-post-thumbnail","hentry","category-conhecimento","category-trend-tech-pr-conhecimento"],"blocksy_meta":[],"acf":[],"yoast_head":"<!-- This site is optimized with the Yoast SEO plugin v27.5 - https:\/\/yoast.com\/product\/yoast-seo-wordpress\/ -->\n<title>Como utilizar dados e an\u00e1lises para otimizar campanhas de PR<\/title>\n<meta name=\"description\" content=\"Executivos e gestores de comunica\u00e7\u00e3o sabem que, para construir uma reputa\u00e7\u00e3o de marca, \u00e9 necess\u00e1rio estar atento ao p\u00fablico consumidor e seus h\u00e1bitos. Para muitos setores, entretanto, as estrat\u00e9gias de rela\u00e7\u00f5es p\u00fablicas parecem n\u00e3o apresentar m\u00e9tricas claras.\" \/>\n<meta name=\"robots\" content=\"index, follow, max-snippet:-1, max-image-preview:large, max-video-preview:-1\" \/>\n<link rel=\"canonical\" href=\"https:\/\/aboutcom.com.br\/en\/como-utilizar-dados-e-analises-para-otimizar-campanhas-de-pr\/\" \/>\n<meta property=\"og:locale\" content=\"en_US\" \/>\n<meta property=\"og:locale:alternate\" content=\"pt_BR\" \/>\n<meta property=\"og:locale:alternate\" content=\"es_ES\" \/>\n<meta property=\"og:type\" content=\"article\" \/>\n<meta property=\"og:title\" content=\"Como utilizar dados e an\u00e1lises para otimizar campanhas de PR\" \/>\n<meta property=\"og:description\" content=\"Executivos e gestores de comunica\u00e7\u00e3o sabem que, para construir uma reputa\u00e7\u00e3o de marca, \u00e9 necess\u00e1rio estar atento ao p\u00fablico consumidor e seus h\u00e1bitos. Para muitos setores, entretanto, as estrat\u00e9gias de rela\u00e7\u00f5es p\u00fablicas parecem n\u00e3o apresentar m\u00e9tricas claras.\" \/>\n<meta property=\"og:url\" content=\"https:\/\/aboutcom.com.br\/en\/como-utilizar-dados-e-analises-para-otimizar-campanhas-de-pr\/\" \/>\n<meta property=\"og:site_name\" content=\"Aboutcom\" \/>\n<meta property=\"article:published_time\" content=\"2019-05-21T09:00:46+00:00\" \/>\n<meta property=\"article:modified_time\" content=\"2025-08-01T13:07:49+00:00\" \/>\n<meta property=\"og:image\" content=\"https:\/\/aboutcom.com.br\/wp-content\/uploads\/2020\/04\/8Post.png\" \/>\n\t<meta property=\"og:image:width\" content=\"700\" \/>\n\t<meta property=\"og:image:height\" content=\"698\" \/>\n\t<meta property=\"og:image:type\" content=\"image\/png\" \/>\n<meta name=\"author\" content=\"Flavia Sobral\" \/>\n<meta name=\"twitter:card\" content=\"summary_large_image\" \/>\n<meta name=\"twitter:label1\" content=\"Written by\" \/>\n\t<meta name=\"twitter:data1\" content=\"Flavia Sobral\" \/>\n\t<meta name=\"twitter:label2\" content=\"Est. reading time\" \/>\n\t<meta name=\"twitter:data2\" content=\"11 minutes\" \/>\n<script type=\"application\/ld+json\" class=\"yoast-schema-graph\">{\"@context\":\"https:\\\/\\\/schema.org\",\"@graph\":[{\"@type\":\"Article\",\"@id\":\"https:\\\/\\\/aboutcom.com.br\\\/pt\\\/como-utilizar-dados-e-analises-para-otimizar-campanhas-de-pr\\\/#article\",\"isPartOf\":{\"@id\":\"https:\\\/\\\/aboutcom.com.br\\\/pt\\\/como-utilizar-dados-e-analises-para-otimizar-campanhas-de-pr\\\/\"},\"author\":{\"name\":\"Flavia Sobral\",\"@id\":\"https:\\\/\\\/aboutcom.com.br\\\/pt\\\/#\\\/schema\\\/person\\\/eda43d487a8de94df327ff97ce94ab2b\"},\"headline\":\"Como utilizar dados e an\u00e1lises para otimizar campanhas de PR\",\"datePublished\":\"2019-05-21T09:00:46+00:00\",\"dateModified\":\"2025-08-01T13:07:49+00:00\",\"mainEntityOfPage\":{\"@id\":\"https:\\\/\\\/aboutcom.com.br\\\/pt\\\/como-utilizar-dados-e-analises-para-otimizar-campanhas-de-pr\\\/\"},\"wordCount\":2283,\"commentCount\":0,\"publisher\":{\"@id\":\"https:\\\/\\\/aboutcom.com.br\\\/pt\\\/#organization\"},\"image\":{\"@id\":\"https:\\\/\\\/aboutcom.com.br\\\/pt\\\/como-utilizar-dados-e-analises-para-otimizar-campanhas-de-pr\\\/#primaryimage\"},\"thumbnailUrl\":\"https:\\\/\\\/aboutcom.com.br\\\/wp-content\\\/uploads\\\/2020\\\/04\\\/8Post.png\",\"articleSection\":[\"Conhecimento\",\"Trend Tech PR\"],\"inLanguage\":\"en-US\",\"potentialAction\":[{\"@type\":\"CommentAction\",\"name\":\"Comment\",\"target\":[\"https:\\\/\\\/aboutcom.com.br\\\/pt\\\/como-utilizar-dados-e-analises-para-otimizar-campanhas-de-pr\\\/#respond\"]}]},{\"@type\":\"WebPage\",\"@id\":\"https:\\\/\\\/aboutcom.com.br\\\/pt\\\/como-utilizar-dados-e-analises-para-otimizar-campanhas-de-pr\\\/\",\"url\":\"https:\\\/\\\/aboutcom.com.br\\\/pt\\\/como-utilizar-dados-e-analises-para-otimizar-campanhas-de-pr\\\/\",\"name\":\"Como utilizar dados e an\u00e1lises para otimizar campanhas de PR\",\"isPartOf\":{\"@id\":\"https:\\\/\\\/aboutcom.com.br\\\/pt\\\/#website\"},\"primaryImageOfPage\":{\"@id\":\"https:\\\/\\\/aboutcom.com.br\\\/pt\\\/como-utilizar-dados-e-analises-para-otimizar-campanhas-de-pr\\\/#primaryimage\"},\"image\":{\"@id\":\"https:\\\/\\\/aboutcom.com.br\\\/pt\\\/como-utilizar-dados-e-analises-para-otimizar-campanhas-de-pr\\\/#primaryimage\"},\"thumbnailUrl\":\"https:\\\/\\\/aboutcom.com.br\\\/wp-content\\\/uploads\\\/2020\\\/04\\\/8Post.png\",\"datePublished\":\"2019-05-21T09:00:46+00:00\",\"dateModified\":\"2025-08-01T13:07:49+00:00\",\"description\":\"Executivos e gestores de comunica\u00e7\u00e3o sabem que, para construir uma reputa\u00e7\u00e3o de marca, \u00e9 necess\u00e1rio estar atento ao p\u00fablico consumidor e seus h\u00e1bitos. Para muitos setores, entretanto, as estrat\u00e9gias de rela\u00e7\u00f5es p\u00fablicas parecem n\u00e3o apresentar m\u00e9tricas claras.\",\"breadcrumb\":{\"@id\":\"https:\\\/\\\/aboutcom.com.br\\\/pt\\\/como-utilizar-dados-e-analises-para-otimizar-campanhas-de-pr\\\/#breadcrumb\"},\"inLanguage\":\"en-US\",\"potentialAction\":[{\"@type\":\"ReadAction\",\"target\":[\"https:\\\/\\\/aboutcom.com.br\\\/pt\\\/como-utilizar-dados-e-analises-para-otimizar-campanhas-de-pr\\\/\"]}]},{\"@type\":\"ImageObject\",\"inLanguage\":\"en-US\",\"@id\":\"https:\\\/\\\/aboutcom.com.br\\\/pt\\\/como-utilizar-dados-e-analises-para-otimizar-campanhas-de-pr\\\/#primaryimage\",\"url\":\"https:\\\/\\\/aboutcom.com.br\\\/wp-content\\\/uploads\\\/2020\\\/04\\\/8Post.png\",\"contentUrl\":\"https:\\\/\\\/aboutcom.com.br\\\/wp-content\\\/uploads\\\/2020\\\/04\\\/8Post.png\",\"width\":700,\"height\":698},{\"@type\":\"BreadcrumbList\",\"@id\":\"https:\\\/\\\/aboutcom.com.br\\\/pt\\\/como-utilizar-dados-e-analises-para-otimizar-campanhas-de-pr\\\/#breadcrumb\",\"itemListElement\":[{\"@type\":\"ListItem\",\"position\":1,\"name\":\"Home\",\"item\":\"https:\\\/\\\/aboutcom.com.br\\\/pt\\\/\"},{\"@type\":\"ListItem\",\"position\":2,\"name\":\"Como utilizar dados e an\u00e1lises para otimizar campanhas de PR\"}]},{\"@type\":\"WebSite\",\"@id\":\"https:\\\/\\\/aboutcom.com.br\\\/pt\\\/#website\",\"url\":\"https:\\\/\\\/aboutcom.com.br\\\/pt\\\/\",\"name\":\"Aboutcom\",\"description\":\"Communication Specialists\",\"publisher\":{\"@id\":\"https:\\\/\\\/aboutcom.com.br\\\/pt\\\/#organization\"},\"potentialAction\":[{\"@type\":\"SearchAction\",\"target\":{\"@type\":\"EntryPoint\",\"urlTemplate\":\"https:\\\/\\\/aboutcom.com.br\\\/pt\\\/?s={search_term_string}\"},\"query-input\":{\"@type\":\"PropertyValueSpecification\",\"valueRequired\":true,\"valueName\":\"search_term_string\"}}],\"inLanguage\":\"en-US\"},{\"@type\":\"Organization\",\"@id\":\"https:\\\/\\\/aboutcom.com.br\\\/pt\\\/#organization\",\"name\":\"Aboutcom\",\"url\":\"https:\\\/\\\/aboutcom.com.br\\\/pt\\\/\",\"logo\":{\"@type\":\"ImageObject\",\"inLanguage\":\"en-US\",\"@id\":\"https:\\\/\\\/aboutcom.com.br\\\/pt\\\/#\\\/schema\\\/logo\\\/image\\\/\",\"url\":\"https:\\\/\\\/aboutcom.com.br\\\/wp-content\\\/uploads\\\/2025\\\/08\\\/aboutCOM_LOGO-10-scaled.png\",\"contentUrl\":\"https:\\\/\\\/aboutcom.com.br\\\/wp-content\\\/uploads\\\/2025\\\/08\\\/aboutCOM_LOGO-10-scaled.png\",\"width\":2560,\"height\":786,\"caption\":\"Aboutcom\"},\"image\":{\"@id\":\"https:\\\/\\\/aboutcom.com.br\\\/pt\\\/#\\\/schema\\\/logo\\\/image\\\/\"}},{\"@type\":\"Person\",\"@id\":\"https:\\\/\\\/aboutcom.com.br\\\/pt\\\/#\\\/schema\\\/person\\\/eda43d487a8de94df327ff97ce94ab2b\",\"name\":\"Flavia Sobral\",\"image\":{\"@type\":\"ImageObject\",\"inLanguage\":\"en-US\",\"@id\":\"https:\\\/\\\/secure.gravatar.com\\\/avatar\\\/3f638d2cc5920783745a25032110d52e087ee6d3339a5aa4b8df1bf799871967?s=96&d=mm&r=g\",\"url\":\"https:\\\/\\\/secure.gravatar.com\\\/avatar\\\/3f638d2cc5920783745a25032110d52e087ee6d3339a5aa4b8df1bf799871967?s=96&d=mm&r=g\",\"contentUrl\":\"https:\\\/\\\/secure.gravatar.com\\\/avatar\\\/3f638d2cc5920783745a25032110d52e087ee6d3339a5aa4b8df1bf799871967?s=96&d=mm&r=g\",\"caption\":\"Flavia Sobral\"},\"url\":\"https:\\\/\\\/aboutcom.com.br\\\/en\\\/author\\\/flavia\\\/\"}]}<\/script>\n<!-- \/ Yoast SEO plugin. -->","yoast_head_json":{"title":"Como utilizar dados e an\u00e1lises para otimizar campanhas de PR","description":"Executivos e gestores de comunica\u00e7\u00e3o sabem que, para construir uma reputa\u00e7\u00e3o de marca, \u00e9 necess\u00e1rio estar atento ao p\u00fablico consumidor e seus h\u00e1bitos. Para muitos setores, entretanto, as estrat\u00e9gias de rela\u00e7\u00f5es p\u00fablicas parecem n\u00e3o apresentar m\u00e9tricas claras.","robots":{"index":"index","follow":"follow","max-snippet":"max-snippet:-1","max-image-preview":"max-image-preview:large","max-video-preview":"max-video-preview:-1"},"canonical":"https:\/\/aboutcom.com.br\/en\/como-utilizar-dados-e-analises-para-otimizar-campanhas-de-pr\/","og_locale":"en_US","og_type":"article","og_title":"[:pt]Como utilizar dados e an\u00e1lises para otimizar campanhas de PR[:en]Como utilizar dados e an\u00e1lises para otimizar campanhas de PR[:es]Como utilizar dados e an\u00e1lises para otimizar campanhas de PR[:] - Aboutcom","og_description":"Executivos e gestores de comunica\u00e7\u00e3o sabem que, para construir uma reputa\u00e7\u00e3o de marca, \u00e9 necess\u00e1rio estar atento ao p\u00fablico consumidor e seus h\u00e1bitos. Para muitos setores, entretanto, as estrat\u00e9gias de rela\u00e7\u00f5es p\u00fablicas parecem n\u00e3o apresentar m\u00e9tricas claras.","og_url":"https:\/\/aboutcom.com.br\/en\/como-utilizar-dados-e-analises-para-otimizar-campanhas-de-pr\/","og_site_name":"Aboutcom","article_published_time":"2019-05-21T09:00:46+00:00","article_modified_time":"2025-08-01T13:07:49+00:00","og_image":[{"width":700,"height":698,"url":"https:\/\/aboutcom.com.br\/wp-content\/uploads\/2020\/04\/8Post.png","type":"image\/png"}],"author":"Flavia Sobral","twitter_card":"summary_large_image","twitter_misc":{"Written by":"Flavia Sobral","Est. reading time":"11 minutes"},"schema":{"@context":"https:\/\/schema.org","@graph":[{"@type":"Article","@id":"https:\/\/aboutcom.com.br\/pt\/como-utilizar-dados-e-analises-para-otimizar-campanhas-de-pr\/#article","isPartOf":{"@id":"https:\/\/aboutcom.com.br\/pt\/como-utilizar-dados-e-analises-para-otimizar-campanhas-de-pr\/"},"author":{"name":"Flavia Sobral","@id":"https:\/\/aboutcom.com.br\/pt\/#\/schema\/person\/eda43d487a8de94df327ff97ce94ab2b"},"headline":"Como utilizar dados e an\u00e1lises para otimizar campanhas de PR","datePublished":"2019-05-21T09:00:46+00:00","dateModified":"2025-08-01T13:07:49+00:00","mainEntityOfPage":{"@id":"https:\/\/aboutcom.com.br\/pt\/como-utilizar-dados-e-analises-para-otimizar-campanhas-de-pr\/"},"wordCount":2283,"commentCount":0,"publisher":{"@id":"https:\/\/aboutcom.com.br\/pt\/#organization"},"image":{"@id":"https:\/\/aboutcom.com.br\/pt\/como-utilizar-dados-e-analises-para-otimizar-campanhas-de-pr\/#primaryimage"},"thumbnailUrl":"https:\/\/aboutcom.com.br\/wp-content\/uploads\/2020\/04\/8Post.png","articleSection":["Conhecimento","Trend Tech PR"],"inLanguage":"en-US","potentialAction":[{"@type":"CommentAction","name":"Comment","target":["https:\/\/aboutcom.com.br\/pt\/como-utilizar-dados-e-analises-para-otimizar-campanhas-de-pr\/#respond"]}]},{"@type":"WebPage","@id":"https:\/\/aboutcom.com.br\/pt\/como-utilizar-dados-e-analises-para-otimizar-campanhas-de-pr\/","url":"https:\/\/aboutcom.com.br\/pt\/como-utilizar-dados-e-analises-para-otimizar-campanhas-de-pr\/","name":"Como utilizar dados e an\u00e1lises para otimizar campanhas de PR","isPartOf":{"@id":"https:\/\/aboutcom.com.br\/pt\/#website"},"primaryImageOfPage":{"@id":"https:\/\/aboutcom.com.br\/pt\/como-utilizar-dados-e-analises-para-otimizar-campanhas-de-pr\/#primaryimage"},"image":{"@id":"https:\/\/aboutcom.com.br\/pt\/como-utilizar-dados-e-analises-para-otimizar-campanhas-de-pr\/#primaryimage"},"thumbnailUrl":"https:\/\/aboutcom.com.br\/wp-content\/uploads\/2020\/04\/8Post.png","datePublished":"2019-05-21T09:00:46+00:00","dateModified":"2025-08-01T13:07:49+00:00","description":"Executivos e gestores de comunica\u00e7\u00e3o sabem que, para construir uma reputa\u00e7\u00e3o de marca, \u00e9 necess\u00e1rio estar atento ao p\u00fablico consumidor e seus h\u00e1bitos. Para muitos setores, entretanto, as estrat\u00e9gias de rela\u00e7\u00f5es p\u00fablicas parecem n\u00e3o apresentar m\u00e9tricas claras.","breadcrumb":{"@id":"https:\/\/aboutcom.com.br\/pt\/como-utilizar-dados-e-analises-para-otimizar-campanhas-de-pr\/#breadcrumb"},"inLanguage":"en-US","potentialAction":[{"@type":"ReadAction","target":["https:\/\/aboutcom.com.br\/pt\/como-utilizar-dados-e-analises-para-otimizar-campanhas-de-pr\/"]}]},{"@type":"ImageObject","inLanguage":"en-US","@id":"https:\/\/aboutcom.com.br\/pt\/como-utilizar-dados-e-analises-para-otimizar-campanhas-de-pr\/#primaryimage","url":"https:\/\/aboutcom.com.br\/wp-content\/uploads\/2020\/04\/8Post.png","contentUrl":"https:\/\/aboutcom.com.br\/wp-content\/uploads\/2020\/04\/8Post.png","width":700,"height":698},{"@type":"BreadcrumbList","@id":"https:\/\/aboutcom.com.br\/pt\/como-utilizar-dados-e-analises-para-otimizar-campanhas-de-pr\/#breadcrumb","itemListElement":[{"@type":"ListItem","position":1,"name":"Home","item":"https:\/\/aboutcom.com.br\/pt\/"},{"@type":"ListItem","position":2,"name":"Como utilizar dados e an\u00e1lises para otimizar campanhas de PR"}]},{"@type":"WebSite","@id":"https:\/\/aboutcom.com.br\/pt\/#website","url":"https:\/\/aboutcom.com.br\/pt\/","name":"Aboutcom","description":"Communication Specialists","publisher":{"@id":"https:\/\/aboutcom.com.br\/pt\/#organization"},"potentialAction":[{"@type":"SearchAction","target":{"@type":"EntryPoint","urlTemplate":"https:\/\/aboutcom.com.br\/pt\/?s={search_term_string}"},"query-input":{"@type":"PropertyValueSpecification","valueRequired":true,"valueName":"search_term_string"}}],"inLanguage":"en-US"},{"@type":"Organization","@id":"https:\/\/aboutcom.com.br\/pt\/#organization","name":"Aboutcom","url":"https:\/\/aboutcom.com.br\/pt\/","logo":{"@type":"ImageObject","inLanguage":"en-US","@id":"https:\/\/aboutcom.com.br\/pt\/#\/schema\/logo\/image\/","url":"https:\/\/aboutcom.com.br\/wp-content\/uploads\/2025\/08\/aboutCOM_LOGO-10-scaled.png","contentUrl":"https:\/\/aboutcom.com.br\/wp-content\/uploads\/2025\/08\/aboutCOM_LOGO-10-scaled.png","width":2560,"height":786,"caption":"Aboutcom"},"image":{"@id":"https:\/\/aboutcom.com.br\/pt\/#\/schema\/logo\/image\/"}},{"@type":"Person","@id":"https:\/\/aboutcom.com.br\/pt\/#\/schema\/person\/eda43d487a8de94df327ff97ce94ab2b","name":"Flavia Sobral","image":{"@type":"ImageObject","inLanguage":"en-US","@id":"https:\/\/secure.gravatar.com\/avatar\/3f638d2cc5920783745a25032110d52e087ee6d3339a5aa4b8df1bf799871967?s=96&d=mm&r=g","url":"https:\/\/secure.gravatar.com\/avatar\/3f638d2cc5920783745a25032110d52e087ee6d3339a5aa4b8df1bf799871967?s=96&d=mm&r=g","contentUrl":"https:\/\/secure.gravatar.com\/avatar\/3f638d2cc5920783745a25032110d52e087ee6d3339a5aa4b8df1bf799871967?s=96&d=mm&r=g","caption":"Flavia Sobral"},"url":"https:\/\/aboutcom.com.br\/en\/author\/flavia\/"}]}},"_links":{"self":[{"href":"https:\/\/aboutcom.com.br\/en\/wp-json\/wp\/v2\/posts\/699","targetHints":{"allow":["GET"]}}],"collection":[{"href":"https:\/\/aboutcom.com.br\/en\/wp-json\/wp\/v2\/posts"}],"about":[{"href":"https:\/\/aboutcom.com.br\/en\/wp-json\/wp\/v2\/types\/post"}],"author":[{"embeddable":true,"href":"https:\/\/aboutcom.com.br\/en\/wp-json\/wp\/v2\/users\/2"}],"replies":[{"embeddable":true,"href":"https:\/\/aboutcom.com.br\/en\/wp-json\/wp\/v2\/comments?post=699"}],"version-history":[{"count":6,"href":"https:\/\/aboutcom.com.br\/en\/wp-json\/wp\/v2\/posts\/699\/revisions"}],"predecessor-version":[{"id":1512,"href":"https:\/\/aboutcom.com.br\/en\/wp-json\/wp\/v2\/posts\/699\/revisions\/1512"}],"wp:featuredmedia":[{"embeddable":true,"href":"https:\/\/aboutcom.com.br\/en\/wp-json\/wp\/v2\/media\/700"}],"wp:attachment":[{"href":"https:\/\/aboutcom.com.br\/en\/wp-json\/wp\/v2\/media?parent=699"}],"wp:term":[{"taxonomy":"category","embeddable":true,"href":"https:\/\/aboutcom.com.br\/en\/wp-json\/wp\/v2\/categories?post=699"},{"taxonomy":"post_tag","embeddable":true,"href":"https:\/\/aboutcom.com.br\/en\/wp-json\/wp\/v2\/tags?post=699"}],"curies":[{"name":"wp","href":"https:\/\/api.w.org\/{rel}","templated":true}]}}