{"id":1125,"date":"2020-07-14T18:26:23","date_gmt":"2020-07-14T18:26:23","guid":{"rendered":"http:\/\/aboutcom.com.br\/pt\/?p=1125"},"modified":"2025-08-01T13:03:30","modified_gmt":"2025-08-01T13:03:30","slug":"envolvendo-especialistas-na-sua-estrategia-de-comunicacao","status":"publish","type":"post","link":"https:\/\/aboutcom.com.br\/pt\/envolvendo-especialistas-na-sua-estrategia-de-comunicacao\/","title":{"rendered":"Expertise e visibilidade: envolvendo especialistas na sua estrat\u00e9gia de comunica\u00e7\u00e3o"},"content":{"rendered":"<p><span style=\"font-weight: 400;\">Quando a imprensa quer validar uma tese ou uma informa\u00e7\u00e3o t\u00e9cnica em uma reportagem, quem ela procura \u00e9 um especialista naquele determinado assunto: um CIO, um gerente de TI, um engenheiro. \u00c9 a chamada \u201cfonte oficial\u201d, que traz legitimidade ao assunto e confere fundamenta\u00e7\u00e3o para a abordagem.\u00a0<\/span><\/p>\n<p><span style=\"font-weight: 400;\">Agora, fa\u00e7amos uma reflex\u00e3o: se o assunto \u00e9 vinculado \u00e0 tecnologia, ou \u00e0 \u00e1rea de dom\u00ednio tecnol\u00f3gico de seu neg\u00f3cio, este especialista n\u00e3o poderia ser da sua pr\u00f3pria empresa?\u00a0<\/span><!--more--><\/p>\n<p><span style=\"font-weight: 400;\">Pessoas que dominam um assunto, seja por longos anos de estudo, seja por sua pr\u00e1tica aplicada, que agrega in\u00fameras experi\u00eancias, possuem conhecimentos que merecem ser compartilhados. E que s\u00e3o valiosos para uma perspectiva estrat\u00e9gica.<\/span><\/p>\n<p><span style=\"font-weight: 400;\">Neste post, te apontamos algumas das raz\u00f5es para que<\/span><a href=\"https:\/\/aboutcom.com.br\/pt\/como-fazer-um-plano-integrado-de-comunicacao-e-marketing-para-empresas-de-tecnologia\/#t2h\"><span style=\"font-weight: 400;\"> sua estrat\u00e9gia integrada de comunica\u00e7\u00e3o e marketing<\/span><\/a><span style=\"font-weight: 400;\"> atue com a perspectiva das pessoas como geradoras de informa\u00e7\u00e3o de qualidade.<\/span><\/p>\n<h2><span style=\"font-weight: 400;\">Compartilhando conhecimento\u2026 e informa\u00e7\u00e3o<\/span><\/h2>\n<p><span style=\"font-weight: 400;\">A constru\u00e7\u00e3o de narrativas para conectar-se com um p\u00fablico alvo \u00e9 uma estrat\u00e9gia que est\u00e1 intimamente vinculada com a gera\u00e7\u00e3o de informa\u00e7\u00f5es de qualidade. N\u00e3o basta apenas reunir informa\u00e7\u00f5es de relev\u00e2ncia, mas \u00e9 imprescind\u00edvel propag\u00e1-las nas formas e locais corretos.<\/span><\/p>\n<p><span style=\"font-weight: 400;\">E quando uma empresa se lan\u00e7a ao desafio de estar presente nos locais onde seu p\u00fablico est\u00e1, paralelamente ela est\u00e1 se instigando a produzir conte\u00fados que emocionem e toquem o p\u00fablico, e que tamb\u00e9m confiram legitimidade e confian\u00e7a para a solu\u00e7\u00e3o que a empresa est\u00e1 oferecendo.<\/span><\/p>\n<p><span style=\"font-weight: 400;\">No caso de empresas de tecnologia, os seus gestores, diretores e executivos s\u00e3o pessoas que dominam assuntos que se relacionam com aquele neg\u00f3cio, de forma geral ou espec\u00edfica.\u00a0<\/span><\/p>\n<p><span style=\"font-weight: 400;\">Entender as pessoas como geradoras de informa\u00e7\u00e3o de qualidade \u00e9 partir da estrat\u00e9gia de que essas pessoas <\/span><a href=\"https:\/\/aboutcom.com.br\/pt\/renato-leite-da-orange-business-services-comunicacao-que-nao-gera-negocio-e-mau-uso-do-tempo\/#t2h\"><span style=\"font-weight: 400;\">podem se tornar representantes especialistas de determinados assuntos<\/span><\/a><span style=\"font-weight: 400;\">, contribuindo para a constru\u00e7\u00e3o de uma narrativa \u00fanica da empresa.<\/span><\/p>\n<h2><span style=\"font-weight: 400;\">Porta-vozes na estrat\u00e9gia de comunica\u00e7\u00e3o<\/span><\/h2>\n<p><span style=\"font-weight: 400;\">O compartilhamento de conhecimento e informa\u00e7\u00f5es, al\u00e9m de embasar as atividades empresariais, demonstrando a grande capacidade da equipe, contribui para externar ao p\u00fablico alvo <\/span><a href=\"https:\/\/aboutcom.com.br\/pt\/a-linguagem-da-ti-precisa-mostrar-seu-lado-humano\/#t2h\"><span style=\"font-weight: 400;\">o lado humano de toda tecnologia<\/span><\/a><span style=\"font-weight: 400;\">.<\/span><\/p>\n<p><span style=\"font-weight: 400;\">Incluir especialistas que falem sobre determinados temas, com propriedade e embasamento, colabora para a proje\u00e7\u00e3o de nomes para fora do contexto mais restrito da tecnologia. Al\u00e9m de conferir visibilidade, tamb\u00e9m contribui para a constru\u00e7\u00e3o de uma reputa\u00e7\u00e3o s\u00f3lida e positiva.<\/span><\/p>\n<p><span style=\"font-weight: 400;\">Isso significa que, em conjunto com um <\/span><a href=\"https:\/\/aboutcom.com.br\/pt\/conheca-etapas-importantes-para-um-planejamento-efetivo-de-comunicacao-para-o-mercado-de-tecnologia\/#t2h\"><span style=\"font-weight: 400;\">planejamento de assessoria de imprensa<\/span><\/a><span style=\"font-weight: 400;\"> e com t\u00e9cnicas de <\/span><i><span style=\"font-weight: 400;\">media training, <\/span><\/i><span style=\"font-weight: 400;\">\u00e9 poss\u00edvel <\/span><a href=\"https:\/\/aboutcom.com.br\/pt\/3-razoes-para-que-empresas-de-tecnologia-b2b-invistam-em-posicionamento-executivo\/#t2h\"><span style=\"font-weight: 400;\">realizar o posicionamento executivo<\/span><\/a><span style=\"font-weight: 400;\"> e tornar os porta-vozes da empresa potenciais fontes oficiais (refer\u00eancias) em assuntos de dom\u00ednio da empresa.<\/span><\/p>\n<p><span style=\"font-weight: 400;\">\u00a0A presen\u00e7a nestes espa\u00e7os, assim como o compartilhamento de conte\u00fados bem produzidos, \u00e9 uma forma de valida\u00e7\u00e3o org\u00e2nica, que reafirma a qualidade de seus produtos ou servi\u00e7os.<\/span><\/p>\n<h2><span style=\"font-weight: 400;\">O uso de artigos de opini\u00e3o<\/span><\/h2>\n<p><span style=\"font-weight: 400;\">A produ\u00e7\u00e3o de conte\u00fado n\u00e3o se encerra apenas na proje\u00e7\u00e3o de porta-vozes que possam falar na imprensa em nome da empresa. Trata-se tamb\u00e9m da cria\u00e7\u00e3o de conte\u00fados, em texto ou em v\u00eddeo, que abordem temas de relev\u00e2ncia para o p\u00fablico.<\/span><\/p>\n<p><span style=\"font-weight: 400;\">Com uma estrat\u00e9gia que consiga orientar uma narrativa \u00fanica entre seus porta-vozes, \u00e9 poss\u00edvel acessar o p\u00fablico e conquistar os benef\u00edcios da difus\u00e3o de informa\u00e7\u00f5es de qualidade.\u00a0<\/span><\/p>\n<p><span style=\"font-weight: 400;\">A estrat\u00e9gia deve englobar os diferentes canais de comunica\u00e7\u00e3o &#8211; como as redes sociais, por exemplo. E uma das maneiras de encantar, engajar e instigar os prospects nestes canais \u00e9 <\/span><a href=\"https:\/\/aboutcom.com.br\/pt\/o-uso-de-artigos-na-estrategia-de-comunicacao\/#t2h\"><span style=\"font-weight: 400;\">a partir do uso de artigos<\/span><\/a><span style=\"font-weight: 400;\"> de opini\u00e3o assinados por executivos e gestores.<\/span><\/p>\n<p><span style=\"font-weight: 400;\">Os conte\u00fados devem transparecer a cultura da empresa, al\u00e9m de contribuir com a discuss\u00e3o de algum assunto pertinente. O tom em primeira pessoa contribui para que comprove-se a expertise de mercado e evidencie a presen\u00e7a de profissionais qualificados.<\/span><\/p>\n<h2><span style=\"font-weight: 400;\">Respeitando as exig\u00eancias dos canais<\/span><\/h2>\n<p><span style=\"font-weight: 400;\">Tamb\u00e9m \u00e9 crucial considerar as especificidades dos canais onde ser\u00e1 veiculado determinado conte\u00fado. Para o caso da imprensa, <\/span><a href=\"https:\/\/aboutcom.com.br\/pt\/press-release-nota-e-sugestao-de-pauta-quando-usar-cada-um-deles\/#t2h\"><span style=\"font-weight: 400;\">os artigos de opini\u00e3o<\/span><\/a><span style=\"font-weight: 400;\"> devem considerar, antes de mais nada, a linha editorial do ve\u00edculo.<\/span><\/p>\n<p><span style=\"font-weight: 400;\">J\u00e1 numa postagem no LinkedIn, deve-se atentar para as caracter\u00edsticas da rede, que pedem um tom mais pessoal por se tratar de um perfil, sem que a capacidade profissional fique de lado.<\/span><\/p>\n<p><span style=\"font-weight: 400;\">Em canais oficiais da empresa, como Facebook ou Instagram, o aparecimento de <\/span><a href=\"https:\/\/aboutcom.com.br\/pt\/entenda-a-importancia-de-executivos-atuarem-como-porta-vozes-no-mundo-tech\/#t2h\"><span style=\"font-weight: 400;\">porta-vozes para falar<\/span><\/a><span style=\"font-weight: 400;\"> em uma estrat\u00e9gia de v\u00eddeo, por exemplo, pode ter um foco mais ou menos formal, conforme o tom presente na estrat\u00e9gia geral destas redes sociais.<\/span><\/p>\n<p><span style=\"font-weight: 400;\">Toda a consolida\u00e7\u00e3o dessas estrat\u00e9gias n\u00e3o \u00e9 simples. E para atender o setor de tecnologia, \u00e9 necess\u00e1ria sensibilidade. S\u00e3o diversos pontos a serem considerados, que fazem a diferen\u00e7a nos resultados em comunica\u00e7\u00e3o.\u00a0<\/span><\/p>\n<p><span style=\"font-weight: 400;\">Trabalhar essas especialidades auxilia empresas a constru\u00edrem narrativas e estrat\u00e9gias de conte\u00fado que estejam alinhadas com seus valores e que transmitam suas mensagens a todos os seus p\u00fablicos. Encontrar o lado humano de cada inova\u00e7\u00e3o, cada vez mais Tech 2 Human, \u00e9 fundamental para comunicar, conseguir mais visibilidade e reputa\u00e7\u00e3o. <\/span><\/p>\n","protected":false},"excerpt":{"rendered":"<p>Conhe\u00e7a as vantagens de enxergar as pessoas como geradoras de informa\u00e7\u00e3o de qualidade.<\/p>\n","protected":false},"author":2,"featured_media":1126,"comment_status":"open","ping_status":"open","sticky":false,"template":"","format":"standard","meta":{"_acf_changed":false,"inline_featured_image":false,"footnotes":""},"categories":[220,222],"tags":[],"class_list":["post-1125","post","type-post","status-publish","format-standard","has-post-thumbnail","hentry","category-conhecimento","category-t2h-conhecimento"],"blocksy_meta":[],"acf":[],"yoast_head":"<!-- This site is optimized with the Yoast SEO plugin v27.5 - https:\/\/yoast.com\/product\/yoast-seo-wordpress\/ -->\n<title>Expertise e visibilidade: envolvendo especialistas na sua estrat\u00e9gia de comunica\u00e7\u00e3o<\/title>\n<meta name=\"description\" content=\"Conhe\u00e7a as vantagens de enxergar as pessoas como geradoras de informa\u00e7\u00e3o de qualidade.\" \/>\n<meta name=\"robots\" content=\"index, follow, max-snippet:-1, max-image-preview:large, max-video-preview:-1\" \/>\n<link rel=\"canonical\" href=\"https:\/\/aboutcom.com.br\/pt\/envolvendo-especialistas-na-sua-estrategia-de-comunicacao\/\" \/>\n<meta property=\"og:locale\" content=\"pt_BR\" \/>\n<meta property=\"og:locale:alternate\" content=\"en_US\" \/>\n<meta property=\"og:locale:alternate\" content=\"es_ES\" \/>\n<meta property=\"og:type\" content=\"article\" \/>\n<meta property=\"og:title\" content=\"Expertise e visibilidade: envolvendo especialistas na sua estrat\u00e9gia de comunica\u00e7\u00e3o\" \/>\n<meta property=\"og:description\" content=\"Conhe\u00e7a as vantagens de enxergar as pessoas como geradoras de informa\u00e7\u00e3o de qualidade.\" \/>\n<meta property=\"og:url\" content=\"https:\/\/aboutcom.com.br\/pt\/envolvendo-especialistas-na-sua-estrategia-de-comunicacao\/\" \/>\n<meta property=\"og:site_name\" content=\"aboutCOM\" \/>\n<meta property=\"article:published_time\" content=\"2020-07-14T18:26:23+00:00\" \/>\n<meta property=\"article:modified_time\" content=\"2025-08-01T13:03:30+00:00\" \/>\n<meta property=\"og:image\" content=\"https:\/\/aboutcom.com.br\/wp-content\/uploads\/2020\/07\/scrabble-2129648_1920.jpg\" \/>\n\t<meta property=\"og:image:width\" content=\"1920\" \/>\n\t<meta property=\"og:image:height\" content=\"1440\" \/>\n\t<meta property=\"og:image:type\" content=\"image\/jpeg\" \/>\n<meta name=\"author\" content=\"Flavia Sobral\" \/>\n<meta name=\"twitter:card\" content=\"summary_large_image\" \/>\n<meta name=\"twitter:label1\" content=\"Escrito por\" \/>\n\t<meta name=\"twitter:data1\" content=\"Flavia Sobral\" \/>\n\t<meta name=\"twitter:label2\" content=\"Est. tempo de leitura\" \/>\n\t<meta name=\"twitter:data2\" content=\"4 minutos\" \/>\n<script type=\"application\/ld+json\" class=\"yoast-schema-graph\">{\"@context\":\"https:\\\/\\\/schema.org\",\"@graph\":[{\"@type\":\"Article\",\"@id\":\"https:\\\/\\\/aboutcom.com.br\\\/pt\\\/envolvendo-especialistas-na-sua-estrategia-de-comunicacao\\\/#article\",\"isPartOf\":{\"@id\":\"https:\\\/\\\/aboutcom.com.br\\\/pt\\\/envolvendo-especialistas-na-sua-estrategia-de-comunicacao\\\/\"},\"author\":{\"name\":\"Flavia Sobral\",\"@id\":\"https:\\\/\\\/aboutcom.com.br\\\/pt\\\/#\\\/schema\\\/person\\\/eda43d487a8de94df327ff97ce94ab2b\"},\"headline\":\"Expertise e visibilidade: envolvendo especialistas na sua estrat\u00e9gia de comunica\u00e7\u00e3o\",\"datePublished\":\"2020-07-14T18:26:23+00:00\",\"dateModified\":\"2025-08-01T13:03:30+00:00\",\"mainEntityOfPage\":{\"@id\":\"https:\\\/\\\/aboutcom.com.br\\\/pt\\\/envolvendo-especialistas-na-sua-estrategia-de-comunicacao\\\/\"},\"wordCount\":886,\"commentCount\":0,\"publisher\":{\"@id\":\"https:\\\/\\\/aboutcom.com.br\\\/pt\\\/#organization\"},\"image\":{\"@id\":\"https:\\\/\\\/aboutcom.com.br\\\/pt\\\/envolvendo-especialistas-na-sua-estrategia-de-comunicacao\\\/#primaryimage\"},\"thumbnailUrl\":\"https:\\\/\\\/aboutcom.com.br\\\/wp-content\\\/uploads\\\/2020\\\/07\\\/scrabble-2129648_1920.jpg\",\"articleSection\":[\"Conhecimento\",\"T2H\"],\"inLanguage\":\"pt-BR\",\"potentialAction\":[{\"@type\":\"CommentAction\",\"name\":\"Comment\",\"target\":[\"https:\\\/\\\/aboutcom.com.br\\\/pt\\\/envolvendo-especialistas-na-sua-estrategia-de-comunicacao\\\/#respond\"]}]},{\"@type\":\"WebPage\",\"@id\":\"https:\\\/\\\/aboutcom.com.br\\\/pt\\\/envolvendo-especialistas-na-sua-estrategia-de-comunicacao\\\/\",\"url\":\"https:\\\/\\\/aboutcom.com.br\\\/pt\\\/envolvendo-especialistas-na-sua-estrategia-de-comunicacao\\\/\",\"name\":\"Expertise e visibilidade: envolvendo especialistas na sua estrat\u00e9gia de comunica\u00e7\u00e3o\",\"isPartOf\":{\"@id\":\"https:\\\/\\\/aboutcom.com.br\\\/pt\\\/#website\"},\"primaryImageOfPage\":{\"@id\":\"https:\\\/\\\/aboutcom.com.br\\\/pt\\\/envolvendo-especialistas-na-sua-estrategia-de-comunicacao\\\/#primaryimage\"},\"image\":{\"@id\":\"https:\\\/\\\/aboutcom.com.br\\\/pt\\\/envolvendo-especialistas-na-sua-estrategia-de-comunicacao\\\/#primaryimage\"},\"thumbnailUrl\":\"https:\\\/\\\/aboutcom.com.br\\\/wp-content\\\/uploads\\\/2020\\\/07\\\/scrabble-2129648_1920.jpg\",\"datePublished\":\"2020-07-14T18:26:23+00:00\",\"dateModified\":\"2025-08-01T13:03:30+00:00\",\"description\":\"Conhe\u00e7a as vantagens de enxergar as pessoas como geradoras de informa\u00e7\u00e3o de qualidade.\",\"breadcrumb\":{\"@id\":\"https:\\\/\\\/aboutcom.com.br\\\/pt\\\/envolvendo-especialistas-na-sua-estrategia-de-comunicacao\\\/#breadcrumb\"},\"inLanguage\":\"pt-BR\",\"potentialAction\":[{\"@type\":\"ReadAction\",\"target\":[\"https:\\\/\\\/aboutcom.com.br\\\/pt\\\/envolvendo-especialistas-na-sua-estrategia-de-comunicacao\\\/\"]}]},{\"@type\":\"ImageObject\",\"inLanguage\":\"pt-BR\",\"@id\":\"https:\\\/\\\/aboutcom.com.br\\\/pt\\\/envolvendo-especialistas-na-sua-estrategia-de-comunicacao\\\/#primaryimage\",\"url\":\"https:\\\/\\\/aboutcom.com.br\\\/wp-content\\\/uploads\\\/2020\\\/07\\\/scrabble-2129648_1920.jpg\",\"contentUrl\":\"https:\\\/\\\/aboutcom.com.br\\\/wp-content\\\/uploads\\\/2020\\\/07\\\/scrabble-2129648_1920.jpg\",\"width\":1920,\"height\":1440},{\"@type\":\"BreadcrumbList\",\"@id\":\"https:\\\/\\\/aboutcom.com.br\\\/pt\\\/envolvendo-especialistas-na-sua-estrategia-de-comunicacao\\\/#breadcrumb\",\"itemListElement\":[{\"@type\":\"ListItem\",\"position\":1,\"name\":\"In\u00edcio\",\"item\":\"https:\\\/\\\/aboutcom.com.br\\\/pt\\\/\"},{\"@type\":\"ListItem\",\"position\":2,\"name\":\"Expertise e visibilidade: envolvendo especialistas na sua estrat\u00e9gia de comunica\u00e7\u00e3o\"}]},{\"@type\":\"WebSite\",\"@id\":\"https:\\\/\\\/aboutcom.com.br\\\/pt\\\/#website\",\"url\":\"https:\\\/\\\/aboutcom.com.br\\\/pt\\\/\",\"name\":\"aboutCOM\",\"description\":\"Especialistas em Comunica\u00e7\u00e3o\",\"publisher\":{\"@id\":\"https:\\\/\\\/aboutcom.com.br\\\/pt\\\/#organization\"},\"potentialAction\":[{\"@type\":\"SearchAction\",\"target\":{\"@type\":\"EntryPoint\",\"urlTemplate\":\"https:\\\/\\\/aboutcom.com.br\\\/pt\\\/?s={search_term_string}\"},\"query-input\":{\"@type\":\"PropertyValueSpecification\",\"valueRequired\":true,\"valueName\":\"search_term_string\"}}],\"inLanguage\":\"pt-BR\"},{\"@type\":\"Organization\",\"@id\":\"https:\\\/\\\/aboutcom.com.br\\\/pt\\\/#organization\",\"name\":\"aboutCOM\",\"url\":\"https:\\\/\\\/aboutcom.com.br\\\/pt\\\/\",\"logo\":{\"@type\":\"ImageObject\",\"inLanguage\":\"pt-BR\",\"@id\":\"https:\\\/\\\/aboutcom.com.br\\\/pt\\\/#\\\/schema\\\/logo\\\/image\\\/\",\"url\":\"https:\\\/\\\/aboutcom.com.br\\\/wp-content\\\/uploads\\\/2025\\\/08\\\/aboutCOM_LOGO-10-scaled.png\",\"contentUrl\":\"https:\\\/\\\/aboutcom.com.br\\\/wp-content\\\/uploads\\\/2025\\\/08\\\/aboutCOM_LOGO-10-scaled.png\",\"width\":2560,\"height\":786,\"caption\":\"aboutCOM\"},\"image\":{\"@id\":\"https:\\\/\\\/aboutcom.com.br\\\/pt\\\/#\\\/schema\\\/logo\\\/image\\\/\"}},{\"@type\":\"Person\",\"@id\":\"https:\\\/\\\/aboutcom.com.br\\\/pt\\\/#\\\/schema\\\/person\\\/eda43d487a8de94df327ff97ce94ab2b\",\"name\":\"Flavia Sobral\",\"image\":{\"@type\":\"ImageObject\",\"inLanguage\":\"pt-BR\",\"@id\":\"https:\\\/\\\/secure.gravatar.com\\\/avatar\\\/3f638d2cc5920783745a25032110d52e087ee6d3339a5aa4b8df1bf799871967?s=96&d=mm&r=g\",\"url\":\"https:\\\/\\\/secure.gravatar.com\\\/avatar\\\/3f638d2cc5920783745a25032110d52e087ee6d3339a5aa4b8df1bf799871967?s=96&d=mm&r=g\",\"contentUrl\":\"https:\\\/\\\/secure.gravatar.com\\\/avatar\\\/3f638d2cc5920783745a25032110d52e087ee6d3339a5aa4b8df1bf799871967?s=96&d=mm&r=g\",\"caption\":\"Flavia Sobral\"},\"url\":\"https:\\\/\\\/aboutcom.com.br\\\/pt\\\/author\\\/flavia\\\/\"}]}<\/script>\n<!-- \/ Yoast SEO plugin. -->","yoast_head_json":{"title":"Expertise e visibilidade: envolvendo especialistas na sua estrat\u00e9gia de comunica\u00e7\u00e3o","description":"Conhe\u00e7a as vantagens de enxergar as pessoas como geradoras de informa\u00e7\u00e3o de qualidade.","robots":{"index":"index","follow":"follow","max-snippet":"max-snippet:-1","max-image-preview":"max-image-preview:large","max-video-preview":"max-video-preview:-1"},"canonical":"https:\/\/aboutcom.com.br\/pt\/envolvendo-especialistas-na-sua-estrategia-de-comunicacao\/","og_locale":"pt_BR","og_type":"article","og_title":"[:pt]Expertise e visibilidade: envolvendo especialistas na sua estrat\u00e9gia de comunica\u00e7\u00e3o[:] - aboutCOM","og_description":"Conhe\u00e7a as vantagens de enxergar as pessoas como geradoras de informa\u00e7\u00e3o de qualidade.","og_url":"https:\/\/aboutcom.com.br\/pt\/envolvendo-especialistas-na-sua-estrategia-de-comunicacao\/","og_site_name":"aboutCOM","article_published_time":"2020-07-14T18:26:23+00:00","article_modified_time":"2025-08-01T13:03:30+00:00","og_image":[{"width":1920,"height":1440,"url":"https:\/\/aboutcom.com.br\/wp-content\/uploads\/2020\/07\/scrabble-2129648_1920.jpg","type":"image\/jpeg"}],"author":"Flavia Sobral","twitter_card":"summary_large_image","twitter_misc":{"Escrito por":"Flavia Sobral","Est. tempo de leitura":"4 minutos"},"schema":{"@context":"https:\/\/schema.org","@graph":[{"@type":"Article","@id":"https:\/\/aboutcom.com.br\/pt\/envolvendo-especialistas-na-sua-estrategia-de-comunicacao\/#article","isPartOf":{"@id":"https:\/\/aboutcom.com.br\/pt\/envolvendo-especialistas-na-sua-estrategia-de-comunicacao\/"},"author":{"name":"Flavia Sobral","@id":"https:\/\/aboutcom.com.br\/pt\/#\/schema\/person\/eda43d487a8de94df327ff97ce94ab2b"},"headline":"Expertise e visibilidade: envolvendo especialistas na sua estrat\u00e9gia de comunica\u00e7\u00e3o","datePublished":"2020-07-14T18:26:23+00:00","dateModified":"2025-08-01T13:03:30+00:00","mainEntityOfPage":{"@id":"https:\/\/aboutcom.com.br\/pt\/envolvendo-especialistas-na-sua-estrategia-de-comunicacao\/"},"wordCount":886,"commentCount":0,"publisher":{"@id":"https:\/\/aboutcom.com.br\/pt\/#organization"},"image":{"@id":"https:\/\/aboutcom.com.br\/pt\/envolvendo-especialistas-na-sua-estrategia-de-comunicacao\/#primaryimage"},"thumbnailUrl":"https:\/\/aboutcom.com.br\/wp-content\/uploads\/2020\/07\/scrabble-2129648_1920.jpg","articleSection":["Conhecimento","T2H"],"inLanguage":"pt-BR","potentialAction":[{"@type":"CommentAction","name":"Comment","target":["https:\/\/aboutcom.com.br\/pt\/envolvendo-especialistas-na-sua-estrategia-de-comunicacao\/#respond"]}]},{"@type":"WebPage","@id":"https:\/\/aboutcom.com.br\/pt\/envolvendo-especialistas-na-sua-estrategia-de-comunicacao\/","url":"https:\/\/aboutcom.com.br\/pt\/envolvendo-especialistas-na-sua-estrategia-de-comunicacao\/","name":"Expertise e visibilidade: envolvendo especialistas na sua estrat\u00e9gia de comunica\u00e7\u00e3o","isPartOf":{"@id":"https:\/\/aboutcom.com.br\/pt\/#website"},"primaryImageOfPage":{"@id":"https:\/\/aboutcom.com.br\/pt\/envolvendo-especialistas-na-sua-estrategia-de-comunicacao\/#primaryimage"},"image":{"@id":"https:\/\/aboutcom.com.br\/pt\/envolvendo-especialistas-na-sua-estrategia-de-comunicacao\/#primaryimage"},"thumbnailUrl":"https:\/\/aboutcom.com.br\/wp-content\/uploads\/2020\/07\/scrabble-2129648_1920.jpg","datePublished":"2020-07-14T18:26:23+00:00","dateModified":"2025-08-01T13:03:30+00:00","description":"Conhe\u00e7a as vantagens de enxergar as pessoas como geradoras de informa\u00e7\u00e3o de qualidade.","breadcrumb":{"@id":"https:\/\/aboutcom.com.br\/pt\/envolvendo-especialistas-na-sua-estrategia-de-comunicacao\/#breadcrumb"},"inLanguage":"pt-BR","potentialAction":[{"@type":"ReadAction","target":["https:\/\/aboutcom.com.br\/pt\/envolvendo-especialistas-na-sua-estrategia-de-comunicacao\/"]}]},{"@type":"ImageObject","inLanguage":"pt-BR","@id":"https:\/\/aboutcom.com.br\/pt\/envolvendo-especialistas-na-sua-estrategia-de-comunicacao\/#primaryimage","url":"https:\/\/aboutcom.com.br\/wp-content\/uploads\/2020\/07\/scrabble-2129648_1920.jpg","contentUrl":"https:\/\/aboutcom.com.br\/wp-content\/uploads\/2020\/07\/scrabble-2129648_1920.jpg","width":1920,"height":1440},{"@type":"BreadcrumbList","@id":"https:\/\/aboutcom.com.br\/pt\/envolvendo-especialistas-na-sua-estrategia-de-comunicacao\/#breadcrumb","itemListElement":[{"@type":"ListItem","position":1,"name":"In\u00edcio","item":"https:\/\/aboutcom.com.br\/pt\/"},{"@type":"ListItem","position":2,"name":"Expertise e visibilidade: envolvendo especialistas na sua estrat\u00e9gia de comunica\u00e7\u00e3o"}]},{"@type":"WebSite","@id":"https:\/\/aboutcom.com.br\/pt\/#website","url":"https:\/\/aboutcom.com.br\/pt\/","name":"aboutCOM","description":"Especialistas em Comunica\u00e7\u00e3o","publisher":{"@id":"https:\/\/aboutcom.com.br\/pt\/#organization"},"potentialAction":[{"@type":"SearchAction","target":{"@type":"EntryPoint","urlTemplate":"https:\/\/aboutcom.com.br\/pt\/?s={search_term_string}"},"query-input":{"@type":"PropertyValueSpecification","valueRequired":true,"valueName":"search_term_string"}}],"inLanguage":"pt-BR"},{"@type":"Organization","@id":"https:\/\/aboutcom.com.br\/pt\/#organization","name":"aboutCOM","url":"https:\/\/aboutcom.com.br\/pt\/","logo":{"@type":"ImageObject","inLanguage":"pt-BR","@id":"https:\/\/aboutcom.com.br\/pt\/#\/schema\/logo\/image\/","url":"https:\/\/aboutcom.com.br\/wp-content\/uploads\/2025\/08\/aboutCOM_LOGO-10-scaled.png","contentUrl":"https:\/\/aboutcom.com.br\/wp-content\/uploads\/2025\/08\/aboutCOM_LOGO-10-scaled.png","width":2560,"height":786,"caption":"aboutCOM"},"image":{"@id":"https:\/\/aboutcom.com.br\/pt\/#\/schema\/logo\/image\/"}},{"@type":"Person","@id":"https:\/\/aboutcom.com.br\/pt\/#\/schema\/person\/eda43d487a8de94df327ff97ce94ab2b","name":"Flavia Sobral","image":{"@type":"ImageObject","inLanguage":"pt-BR","@id":"https:\/\/secure.gravatar.com\/avatar\/3f638d2cc5920783745a25032110d52e087ee6d3339a5aa4b8df1bf799871967?s=96&d=mm&r=g","url":"https:\/\/secure.gravatar.com\/avatar\/3f638d2cc5920783745a25032110d52e087ee6d3339a5aa4b8df1bf799871967?s=96&d=mm&r=g","contentUrl":"https:\/\/secure.gravatar.com\/avatar\/3f638d2cc5920783745a25032110d52e087ee6d3339a5aa4b8df1bf799871967?s=96&d=mm&r=g","caption":"Flavia Sobral"},"url":"https:\/\/aboutcom.com.br\/pt\/author\/flavia\/"}]}},"_links":{"self":[{"href":"https:\/\/aboutcom.com.br\/pt\/wp-json\/wp\/v2\/posts\/1125","targetHints":{"allow":["GET"]}}],"collection":[{"href":"https:\/\/aboutcom.com.br\/pt\/wp-json\/wp\/v2\/posts"}],"about":[{"href":"https:\/\/aboutcom.com.br\/pt\/wp-json\/wp\/v2\/types\/post"}],"author":[{"embeddable":true,"href":"https:\/\/aboutcom.com.br\/pt\/wp-json\/wp\/v2\/users\/2"}],"replies":[{"embeddable":true,"href":"https:\/\/aboutcom.com.br\/pt\/wp-json\/wp\/v2\/comments?post=1125"}],"version-history":[{"count":2,"href":"https:\/\/aboutcom.com.br\/pt\/wp-json\/wp\/v2\/posts\/1125\/revisions"}],"predecessor-version":[{"id":1128,"href":"https:\/\/aboutcom.com.br\/pt\/wp-json\/wp\/v2\/posts\/1125\/revisions\/1128"}],"wp:featuredmedia":[{"embeddable":true,"href":"https:\/\/aboutcom.com.br\/pt\/wp-json\/wp\/v2\/media\/1126"}],"wp:attachment":[{"href":"https:\/\/aboutcom.com.br\/pt\/wp-json\/wp\/v2\/media?parent=1125"}],"wp:term":[{"taxonomy":"category","embeddable":true,"href":"https:\/\/aboutcom.com.br\/pt\/wp-json\/wp\/v2\/categories?post=1125"},{"taxonomy":"post_tag","embeddable":true,"href":"https:\/\/aboutcom.com.br\/pt\/wp-json\/wp\/v2\/tags?post=1125"}],"curies":[{"name":"wp","href":"https:\/\/api.w.org\/{rel}","templated":true}]}}