{"id":1131,"date":"2020-08-21T13:49:34","date_gmt":"2020-08-21T13:49:34","guid":{"rendered":"http:\/\/aboutcom.com.br\/pt\/?p=1131"},"modified":"2025-08-01T13:03:18","modified_gmt":"2025-08-01T13:03:18","slug":"comunicacao-integrada-aplicada-a-empresas-de-tecnologia","status":"publish","type":"post","link":"https:\/\/aboutcom.com.br\/pt\/comunicacao-integrada-aplicada-a-empresas-de-tecnologia\/","title":{"rendered":"Como \u00e9 a comunica\u00e7\u00e3o integrada aplicada a empresas de tecnologia?"},"content":{"rendered":"<p>Como construir uma comunica\u00e7\u00e3o que n\u00e3o seja apenas \u00fatil, mas que esteja alinhada com a perspectiva de neg\u00f3cios e comunique uma s\u00f3 narrativa em todas os canais?<!--more--><\/p>\n<p>Alinhar todos os conte\u00fados \u00e9 necess\u00e1rio para uma comunica\u00e7\u00e3o bem feita, que transmita a narrativa e aja em conjunto com os objetivos de neg\u00f3cios.<\/p>\n<p>Tra\u00e7ar uma estrat\u00e9gia de sucesso consiste em pensar um planejamento de comunica\u00e7\u00e3o em que cada etapa esteja integrada \u00e0 outra, em diferentes frentes, sendo que todas elas s\u00e3o interdependentes para o sucesso da organiza\u00e7\u00e3o.<\/p>\n<p>Considerando os produtos e a\u00e7\u00f5es de comunica\u00e7\u00e3o em um planejamento \u00fanico e coeso, a comunica\u00e7\u00e3o integrada proporciona visibilidade e reconhecimento da marca.<\/p>\n<p>Saiba como uma vis\u00e3o integrada da estrat\u00e9gia de comunica\u00e7\u00e3o e marketing \u00e9 importante para empresas <em>tech<\/em>.<\/p>\n<h2>Comunica\u00e7\u00e3o integrada: como funciona?<\/h2>\n<p>Podemos come\u00e7ar dizendo que a comunica\u00e7\u00e3o integrada tem como principal prerrogativa a <strong>gest\u00e3o da estrat\u00e9gia de comunica\u00e7\u00e3o.<\/strong><\/p>\n<p>A comunica\u00e7\u00e3o integrada \u00e9 o oposto das a\u00e7\u00f5es sazonais ou pontuais: ela leva em considera\u00e7\u00e3o todas as etapas do funil de comunica\u00e7\u00e3o e diferentes meios e formatos, criando uma uniformidade no discurso da empresa.<\/p>\n<p>Ser integrada, hol\u00edstica se trata de reconhecer e considerar o todo. Ou seja, um \u00fanico fio que desenha toda a comunica\u00e7\u00e3o da empresa ir\u00e1 permear todos os pontos de contato, unificando e integrando a narrativa.<\/p>\n<p>No caso das estrat\u00e9gias de marketing, sabemos que, com um mercado cada vez mais exigente, o sucesso de uma empresa n\u00e3o depende mais apenas de uma campanha genial ou de um evento. Ela deve ser constru\u00edda considerando os 365 dias do ano, as mais variadas inser\u00e7\u00f5es e formas de atua\u00e7\u00e3o e prospec\u00e7\u00e3o, online e offline.<\/p>\n<p>Dessa forma, poder\u00edamos dizer que a comunica\u00e7\u00e3o integrada funciona como uma vis\u00e3o abrangente, <a href=\"https:\/\/aboutcom.com.br\/pt\/conheca-etapas-importantes-para-um-planejamento-efetivo-de-comunicacao-para-o-mercado-de-tecnologia\/#t2h\">baseada em um planejamento<\/a> que considera as diferentes personas do neg\u00f3cio, as diferentes etapas do funil de comunica\u00e7\u00e3o, m\u00eddias e, \u00e9 claro, a vis\u00e3o e os valores daquela empresa.<\/p>\n<h3>Comunica\u00e7\u00e3o integrada x comunica\u00e7\u00e3o \u201cfrankenstein\u201d<\/h3>\n<p>A exist\u00eancia de equipes mais enxutas e a necessidade de agilidade acaba resultando numa lista de prioridades que deixar\u00e1 de lado alguns recursos que poderiam ser <a href=\"https:\/\/aboutcom.com.br\/pt\/envolvendo-especialistas-na-sua-estrategia-de-comunicacao\/#t2h\">essenciais para ampliar a visibilidade da marca<\/a>.<\/p>\n<p>Com a procura por outras pessoas para a realiza\u00e7\u00e3o de a\u00e7\u00f5es especializadas, \u00e9 poss\u00edvel que a empresa caia no erro de recorrer a uma multiplicidade de ag\u00eancias especializadas para uma atua\u00e7\u00e3o pontual, sazonal, que n\u00e3o \u00e9 retomada, mantida ou conectada \u00e0s demais.<\/p>\n<p>Isto poder\u00e1 resultar em uma quebra da constru\u00e7\u00e3o da narrativa nas diferentes etapas do funil de comunica\u00e7\u00e3o ou entre as diferentes personas.<\/p>\n<p>Por outro lado, uma forma de conseguir suprir a necessidade de comunica\u00e7\u00e3o especializada sem cair neste problema \u00e9 optando por uma ag\u00eancia ou equipe que trabalhe a partir de uma estrat\u00e9gia de comunica\u00e7\u00e3o integrada.<\/p>\n<p>Esta vis\u00e3o permite entender os objetivos do neg\u00f3cio e trabalhar com as ferramentas necess\u00e1rias para atender \u00e0 estes objetivos. No dia a dia, isso se traduz em um trabalho coeso que respeite a narrativa, sem acarretar em uma comunica\u00e7\u00e3o \u201cfrankenstein\u201d &#8211; em que as partes se unem ao todo de forma artificial ou for\u00e7ada.<\/p>\n<h4>Como a comunica\u00e7\u00e3o integrada se aplica ao marketing tech B2B?<\/h4>\n<p>Estabelecer uma comunica\u00e7\u00e3o integrada est\u00e1 muito alinhado com a perspectiva <a href=\"https:\/\/aboutcom.com.br\/pt\/como-construir-uma-comunicacao-estrategica-e-humana-no-b2b\/#t2h\">T2H, Tech to Human<\/a>: pensar a tecnologia feita <strong>por e para<\/strong> resolver os problemas reais das pessoas em seus cotidianos, seja no trabalho, no lazer ou em casa.<\/p>\n<p>Nesse sentido, <a href=\"https:\/\/aboutcom.com.br\/pt\/o-futuro-da-comunicacao-para-o-mercado-b2b\/#t2h\">o futuro da comunica\u00e7\u00e3o para o mercado B2B<\/a> aponta a necessidade de estrat\u00e9gias de comunica\u00e7\u00e3o pensadas para marcar presen\u00e7a onde est\u00e1 a persona, considerando suas dores e suas necessidades, levando sempre um discurso \u00fanico, que ser\u00e1 reafirmado em todos estes canais.<\/p>\n<p>Isso requer que a comunica\u00e7\u00e3o seja pensada pela perspectiva do marketing, da assessoria de imprensa, das rela\u00e7\u00f5es p\u00fablicas, do jornalismo e da publicidade, entendendo como cada aspecto contribui para a constru\u00e7\u00e3o dessa narrativa \u00fanica.<\/p>\n<p><a href=\"https:\/\/aboutcom.com.br\/pt\/por-que-empresas-de-tecnologia-devem-considerar-um-discurso-humanizado-em-suas-estrategias\/#t2h\">Construir um discurso humanizado<\/a> e uma imagem consolidada da empresa \u00e9 tarefa que deve estar prevista no <strong>planejamento de comunica\u00e7\u00e3o.<\/strong> Partindo da vis\u00e3o integrada, considere canais e mecanismos importantes para o mercado de tecnologia, construindo uma visibilidade ampla, demonstrando sua expertise e diferencial de neg\u00f3cio, trabalhando de forma coesa a fim de que todo o planejamento fale a mesma l\u00edngua.<\/p>\n","protected":false},"excerpt":{"rendered":"<p>Saiba como a comunica\u00e7\u00e3o integrada  \u00e9 importante para empresas de tecnologia.<\/p>\n","protected":false},"author":2,"featured_media":1133,"comment_status":"open","ping_status":"open","sticky":false,"template":"","format":"standard","meta":{"_acf_changed":false,"inline_featured_image":false,"footnotes":""},"categories":[220,222],"tags":[],"class_list":["post-1131","post","type-post","status-publish","format-standard","has-post-thumbnail","hentry","category-conhecimento","category-t2h-conhecimento"],"blocksy_meta":[],"acf":[],"yoast_head":"<!-- This site is optimized with the Yoast SEO plugin v27.5 - https:\/\/yoast.com\/product\/yoast-seo-wordpress\/ -->\n<title>Como \u00e9 a comunica\u00e7\u00e3o integrada aplicada a empresas de tecnologia?<\/title>\n<meta name=\"robots\" content=\"index, follow, max-snippet:-1, max-image-preview:large, max-video-preview:-1\" \/>\n<link rel=\"canonical\" href=\"https:\/\/aboutcom.com.br\/pt\/comunicacao-integrada-aplicada-a-empresas-de-tecnologia\/\" \/>\n<meta property=\"og:locale\" content=\"pt_BR\" \/>\n<meta property=\"og:locale:alternate\" content=\"en_US\" \/>\n<meta property=\"og:locale:alternate\" content=\"es_ES\" \/>\n<meta property=\"og:type\" content=\"article\" \/>\n<meta property=\"og:title\" content=\"Como \u00e9 a comunica\u00e7\u00e3o integrada aplicada a empresas de tecnologia?\" \/>\n<meta property=\"og:description\" content=\"Saiba como a comunica\u00e7\u00e3o integrada \u00e9 importante para empresas de tecnologia.\" \/>\n<meta property=\"og:url\" content=\"https:\/\/aboutcom.com.br\/pt\/comunicacao-integrada-aplicada-a-empresas-de-tecnologia\/\" \/>\n<meta property=\"og:site_name\" content=\"aboutCOM\" \/>\n<meta property=\"article:published_time\" content=\"2020-08-21T13:49:34+00:00\" \/>\n<meta property=\"article:modified_time\" content=\"2025-08-01T13:03:18+00:00\" \/>\n<meta property=\"og:image\" content=\"https:\/\/aboutcom.com.br\/wp-content\/uploads\/2020\/08\/social-3408791_1920.jpg\" \/>\n\t<meta property=\"og:image:width\" content=\"1920\" \/>\n\t<meta property=\"og:image:height\" content=\"1280\" \/>\n\t<meta property=\"og:image:type\" content=\"image\/jpeg\" \/>\n<meta name=\"author\" content=\"Flavia Sobral\" \/>\n<meta name=\"twitter:card\" content=\"summary_large_image\" \/>\n<meta name=\"twitter:label1\" content=\"Escrito por\" \/>\n\t<meta name=\"twitter:data1\" content=\"Flavia Sobral\" \/>\n\t<meta name=\"twitter:label2\" content=\"Est. tempo de leitura\" \/>\n\t<meta name=\"twitter:data2\" content=\"4 minutos\" \/>\n<script type=\"application\/ld+json\" class=\"yoast-schema-graph\">{\"@context\":\"https:\\\/\\\/schema.org\",\"@graph\":[{\"@type\":\"Article\",\"@id\":\"https:\\\/\\\/aboutcom.com.br\\\/pt\\\/comunicacao-integrada-aplicada-a-empresas-de-tecnologia\\\/#article\",\"isPartOf\":{\"@id\":\"https:\\\/\\\/aboutcom.com.br\\\/pt\\\/comunicacao-integrada-aplicada-a-empresas-de-tecnologia\\\/\"},\"author\":{\"name\":\"Flavia Sobral\",\"@id\":\"https:\\\/\\\/aboutcom.com.br\\\/pt\\\/#\\\/schema\\\/person\\\/eda43d487a8de94df327ff97ce94ab2b\"},\"headline\":\"Como \u00e9 a comunica\u00e7\u00e3o integrada aplicada a empresas de tecnologia?\",\"datePublished\":\"2020-08-21T13:49:34+00:00\",\"dateModified\":\"2025-08-01T13:03:18+00:00\",\"mainEntityOfPage\":{\"@id\":\"https:\\\/\\\/aboutcom.com.br\\\/pt\\\/comunicacao-integrada-aplicada-a-empresas-de-tecnologia\\\/\"},\"wordCount\":766,\"commentCount\":0,\"publisher\":{\"@id\":\"https:\\\/\\\/aboutcom.com.br\\\/pt\\\/#organization\"},\"image\":{\"@id\":\"https:\\\/\\\/aboutcom.com.br\\\/pt\\\/comunicacao-integrada-aplicada-a-empresas-de-tecnologia\\\/#primaryimage\"},\"thumbnailUrl\":\"https:\\\/\\\/aboutcom.com.br\\\/wp-content\\\/uploads\\\/2020\\\/08\\\/social-3408791_1920.jpg\",\"articleSection\":[\"Conhecimento\",\"T2H\"],\"inLanguage\":\"pt-BR\",\"potentialAction\":[{\"@type\":\"CommentAction\",\"name\":\"Comment\",\"target\":[\"https:\\\/\\\/aboutcom.com.br\\\/pt\\\/comunicacao-integrada-aplicada-a-empresas-de-tecnologia\\\/#respond\"]}]},{\"@type\":\"WebPage\",\"@id\":\"https:\\\/\\\/aboutcom.com.br\\\/pt\\\/comunicacao-integrada-aplicada-a-empresas-de-tecnologia\\\/\",\"url\":\"https:\\\/\\\/aboutcom.com.br\\\/pt\\\/comunicacao-integrada-aplicada-a-empresas-de-tecnologia\\\/\",\"name\":\"Como \u00e9 a comunica\u00e7\u00e3o integrada aplicada a empresas de tecnologia?\",\"isPartOf\":{\"@id\":\"https:\\\/\\\/aboutcom.com.br\\\/pt\\\/#website\"},\"primaryImageOfPage\":{\"@id\":\"https:\\\/\\\/aboutcom.com.br\\\/pt\\\/comunicacao-integrada-aplicada-a-empresas-de-tecnologia\\\/#primaryimage\"},\"image\":{\"@id\":\"https:\\\/\\\/aboutcom.com.br\\\/pt\\\/comunicacao-integrada-aplicada-a-empresas-de-tecnologia\\\/#primaryimage\"},\"thumbnailUrl\":\"https:\\\/\\\/aboutcom.com.br\\\/wp-content\\\/uploads\\\/2020\\\/08\\\/social-3408791_1920.jpg\",\"datePublished\":\"2020-08-21T13:49:34+00:00\",\"dateModified\":\"2025-08-01T13:03:18+00:00\",\"breadcrumb\":{\"@id\":\"https:\\\/\\\/aboutcom.com.br\\\/pt\\\/comunicacao-integrada-aplicada-a-empresas-de-tecnologia\\\/#breadcrumb\"},\"inLanguage\":\"pt-BR\",\"potentialAction\":[{\"@type\":\"ReadAction\",\"target\":[\"https:\\\/\\\/aboutcom.com.br\\\/pt\\\/comunicacao-integrada-aplicada-a-empresas-de-tecnologia\\\/\"]}]},{\"@type\":\"ImageObject\",\"inLanguage\":\"pt-BR\",\"@id\":\"https:\\\/\\\/aboutcom.com.br\\\/pt\\\/comunicacao-integrada-aplicada-a-empresas-de-tecnologia\\\/#primaryimage\",\"url\":\"https:\\\/\\\/aboutcom.com.br\\\/wp-content\\\/uploads\\\/2020\\\/08\\\/social-3408791_1920.jpg\",\"contentUrl\":\"https:\\\/\\\/aboutcom.com.br\\\/wp-content\\\/uploads\\\/2020\\\/08\\\/social-3408791_1920.jpg\",\"width\":1920,\"height\":1280},{\"@type\":\"BreadcrumbList\",\"@id\":\"https:\\\/\\\/aboutcom.com.br\\\/pt\\\/comunicacao-integrada-aplicada-a-empresas-de-tecnologia\\\/#breadcrumb\",\"itemListElement\":[{\"@type\":\"ListItem\",\"position\":1,\"name\":\"In\u00edcio\",\"item\":\"https:\\\/\\\/aboutcom.com.br\\\/pt\\\/\"},{\"@type\":\"ListItem\",\"position\":2,\"name\":\"Como \u00e9 a comunica\u00e7\u00e3o integrada aplicada a empresas de tecnologia?\"}]},{\"@type\":\"WebSite\",\"@id\":\"https:\\\/\\\/aboutcom.com.br\\\/pt\\\/#website\",\"url\":\"https:\\\/\\\/aboutcom.com.br\\\/pt\\\/\",\"name\":\"aboutCOM\",\"description\":\"Especialistas em Comunica\u00e7\u00e3o\",\"publisher\":{\"@id\":\"https:\\\/\\\/aboutcom.com.br\\\/pt\\\/#organization\"},\"potentialAction\":[{\"@type\":\"SearchAction\",\"target\":{\"@type\":\"EntryPoint\",\"urlTemplate\":\"https:\\\/\\\/aboutcom.com.br\\\/pt\\\/?s={search_term_string}\"},\"query-input\":{\"@type\":\"PropertyValueSpecification\",\"valueRequired\":true,\"valueName\":\"search_term_string\"}}],\"inLanguage\":\"pt-BR\"},{\"@type\":\"Organization\",\"@id\":\"https:\\\/\\\/aboutcom.com.br\\\/pt\\\/#organization\",\"name\":\"aboutCOM\",\"url\":\"https:\\\/\\\/aboutcom.com.br\\\/pt\\\/\",\"logo\":{\"@type\":\"ImageObject\",\"inLanguage\":\"pt-BR\",\"@id\":\"https:\\\/\\\/aboutcom.com.br\\\/pt\\\/#\\\/schema\\\/logo\\\/image\\\/\",\"url\":\"https:\\\/\\\/aboutcom.com.br\\\/wp-content\\\/uploads\\\/2025\\\/08\\\/aboutCOM_LOGO-10-scaled.png\",\"contentUrl\":\"https:\\\/\\\/aboutcom.com.br\\\/wp-content\\\/uploads\\\/2025\\\/08\\\/aboutCOM_LOGO-10-scaled.png\",\"width\":2560,\"height\":786,\"caption\":\"aboutCOM\"},\"image\":{\"@id\":\"https:\\\/\\\/aboutcom.com.br\\\/pt\\\/#\\\/schema\\\/logo\\\/image\\\/\"}},{\"@type\":\"Person\",\"@id\":\"https:\\\/\\\/aboutcom.com.br\\\/pt\\\/#\\\/schema\\\/person\\\/eda43d487a8de94df327ff97ce94ab2b\",\"name\":\"Flavia Sobral\",\"image\":{\"@type\":\"ImageObject\",\"inLanguage\":\"pt-BR\",\"@id\":\"https:\\\/\\\/secure.gravatar.com\\\/avatar\\\/3f638d2cc5920783745a25032110d52e087ee6d3339a5aa4b8df1bf799871967?s=96&d=mm&r=g\",\"url\":\"https:\\\/\\\/secure.gravatar.com\\\/avatar\\\/3f638d2cc5920783745a25032110d52e087ee6d3339a5aa4b8df1bf799871967?s=96&d=mm&r=g\",\"contentUrl\":\"https:\\\/\\\/secure.gravatar.com\\\/avatar\\\/3f638d2cc5920783745a25032110d52e087ee6d3339a5aa4b8df1bf799871967?s=96&d=mm&r=g\",\"caption\":\"Flavia Sobral\"},\"url\":\"https:\\\/\\\/aboutcom.com.br\\\/pt\\\/author\\\/flavia\\\/\"}]}<\/script>\n<!-- \/ Yoast SEO plugin. -->","yoast_head_json":{"title":"Como \u00e9 a comunica\u00e7\u00e3o integrada aplicada a empresas de tecnologia?","robots":{"index":"index","follow":"follow","max-snippet":"max-snippet:-1","max-image-preview":"max-image-preview:large","max-video-preview":"max-video-preview:-1"},"canonical":"https:\/\/aboutcom.com.br\/pt\/comunicacao-integrada-aplicada-a-empresas-de-tecnologia\/","og_locale":"pt_BR","og_type":"article","og_title":"[:pt]Como \u00e9 a comunica\u00e7\u00e3o integrada aplicada a empresas de tecnologia?[:] - aboutCOM","og_description":"Saiba como a comunica\u00e7\u00e3o integrada \u00e9 importante para empresas de tecnologia.","og_url":"https:\/\/aboutcom.com.br\/pt\/comunicacao-integrada-aplicada-a-empresas-de-tecnologia\/","og_site_name":"aboutCOM","article_published_time":"2020-08-21T13:49:34+00:00","article_modified_time":"2025-08-01T13:03:18+00:00","og_image":[{"width":1920,"height":1280,"url":"https:\/\/aboutcom.com.br\/wp-content\/uploads\/2020\/08\/social-3408791_1920.jpg","type":"image\/jpeg"}],"author":"Flavia Sobral","twitter_card":"summary_large_image","twitter_misc":{"Escrito por":"Flavia Sobral","Est. tempo de leitura":"4 minutos"},"schema":{"@context":"https:\/\/schema.org","@graph":[{"@type":"Article","@id":"https:\/\/aboutcom.com.br\/pt\/comunicacao-integrada-aplicada-a-empresas-de-tecnologia\/#article","isPartOf":{"@id":"https:\/\/aboutcom.com.br\/pt\/comunicacao-integrada-aplicada-a-empresas-de-tecnologia\/"},"author":{"name":"Flavia Sobral","@id":"https:\/\/aboutcom.com.br\/pt\/#\/schema\/person\/eda43d487a8de94df327ff97ce94ab2b"},"headline":"Como \u00e9 a comunica\u00e7\u00e3o integrada aplicada a empresas de tecnologia?","datePublished":"2020-08-21T13:49:34+00:00","dateModified":"2025-08-01T13:03:18+00:00","mainEntityOfPage":{"@id":"https:\/\/aboutcom.com.br\/pt\/comunicacao-integrada-aplicada-a-empresas-de-tecnologia\/"},"wordCount":766,"commentCount":0,"publisher":{"@id":"https:\/\/aboutcom.com.br\/pt\/#organization"},"image":{"@id":"https:\/\/aboutcom.com.br\/pt\/comunicacao-integrada-aplicada-a-empresas-de-tecnologia\/#primaryimage"},"thumbnailUrl":"https:\/\/aboutcom.com.br\/wp-content\/uploads\/2020\/08\/social-3408791_1920.jpg","articleSection":["Conhecimento","T2H"],"inLanguage":"pt-BR","potentialAction":[{"@type":"CommentAction","name":"Comment","target":["https:\/\/aboutcom.com.br\/pt\/comunicacao-integrada-aplicada-a-empresas-de-tecnologia\/#respond"]}]},{"@type":"WebPage","@id":"https:\/\/aboutcom.com.br\/pt\/comunicacao-integrada-aplicada-a-empresas-de-tecnologia\/","url":"https:\/\/aboutcom.com.br\/pt\/comunicacao-integrada-aplicada-a-empresas-de-tecnologia\/","name":"Como \u00e9 a comunica\u00e7\u00e3o integrada aplicada a empresas de tecnologia?","isPartOf":{"@id":"https:\/\/aboutcom.com.br\/pt\/#website"},"primaryImageOfPage":{"@id":"https:\/\/aboutcom.com.br\/pt\/comunicacao-integrada-aplicada-a-empresas-de-tecnologia\/#primaryimage"},"image":{"@id":"https:\/\/aboutcom.com.br\/pt\/comunicacao-integrada-aplicada-a-empresas-de-tecnologia\/#primaryimage"},"thumbnailUrl":"https:\/\/aboutcom.com.br\/wp-content\/uploads\/2020\/08\/social-3408791_1920.jpg","datePublished":"2020-08-21T13:49:34+00:00","dateModified":"2025-08-01T13:03:18+00:00","breadcrumb":{"@id":"https:\/\/aboutcom.com.br\/pt\/comunicacao-integrada-aplicada-a-empresas-de-tecnologia\/#breadcrumb"},"inLanguage":"pt-BR","potentialAction":[{"@type":"ReadAction","target":["https:\/\/aboutcom.com.br\/pt\/comunicacao-integrada-aplicada-a-empresas-de-tecnologia\/"]}]},{"@type":"ImageObject","inLanguage":"pt-BR","@id":"https:\/\/aboutcom.com.br\/pt\/comunicacao-integrada-aplicada-a-empresas-de-tecnologia\/#primaryimage","url":"https:\/\/aboutcom.com.br\/wp-content\/uploads\/2020\/08\/social-3408791_1920.jpg","contentUrl":"https:\/\/aboutcom.com.br\/wp-content\/uploads\/2020\/08\/social-3408791_1920.jpg","width":1920,"height":1280},{"@type":"BreadcrumbList","@id":"https:\/\/aboutcom.com.br\/pt\/comunicacao-integrada-aplicada-a-empresas-de-tecnologia\/#breadcrumb","itemListElement":[{"@type":"ListItem","position":1,"name":"In\u00edcio","item":"https:\/\/aboutcom.com.br\/pt\/"},{"@type":"ListItem","position":2,"name":"Como \u00e9 a comunica\u00e7\u00e3o integrada aplicada a empresas de tecnologia?"}]},{"@type":"WebSite","@id":"https:\/\/aboutcom.com.br\/pt\/#website","url":"https:\/\/aboutcom.com.br\/pt\/","name":"aboutCOM","description":"Especialistas em Comunica\u00e7\u00e3o","publisher":{"@id":"https:\/\/aboutcom.com.br\/pt\/#organization"},"potentialAction":[{"@type":"SearchAction","target":{"@type":"EntryPoint","urlTemplate":"https:\/\/aboutcom.com.br\/pt\/?s={search_term_string}"},"query-input":{"@type":"PropertyValueSpecification","valueRequired":true,"valueName":"search_term_string"}}],"inLanguage":"pt-BR"},{"@type":"Organization","@id":"https:\/\/aboutcom.com.br\/pt\/#organization","name":"aboutCOM","url":"https:\/\/aboutcom.com.br\/pt\/","logo":{"@type":"ImageObject","inLanguage":"pt-BR","@id":"https:\/\/aboutcom.com.br\/pt\/#\/schema\/logo\/image\/","url":"https:\/\/aboutcom.com.br\/wp-content\/uploads\/2025\/08\/aboutCOM_LOGO-10-scaled.png","contentUrl":"https:\/\/aboutcom.com.br\/wp-content\/uploads\/2025\/08\/aboutCOM_LOGO-10-scaled.png","width":2560,"height":786,"caption":"aboutCOM"},"image":{"@id":"https:\/\/aboutcom.com.br\/pt\/#\/schema\/logo\/image\/"}},{"@type":"Person","@id":"https:\/\/aboutcom.com.br\/pt\/#\/schema\/person\/eda43d487a8de94df327ff97ce94ab2b","name":"Flavia Sobral","image":{"@type":"ImageObject","inLanguage":"pt-BR","@id":"https:\/\/secure.gravatar.com\/avatar\/3f638d2cc5920783745a25032110d52e087ee6d3339a5aa4b8df1bf799871967?s=96&d=mm&r=g","url":"https:\/\/secure.gravatar.com\/avatar\/3f638d2cc5920783745a25032110d52e087ee6d3339a5aa4b8df1bf799871967?s=96&d=mm&r=g","contentUrl":"https:\/\/secure.gravatar.com\/avatar\/3f638d2cc5920783745a25032110d52e087ee6d3339a5aa4b8df1bf799871967?s=96&d=mm&r=g","caption":"Flavia Sobral"},"url":"https:\/\/aboutcom.com.br\/pt\/author\/flavia\/"}]}},"_links":{"self":[{"href":"https:\/\/aboutcom.com.br\/pt\/wp-json\/wp\/v2\/posts\/1131","targetHints":{"allow":["GET"]}}],"collection":[{"href":"https:\/\/aboutcom.com.br\/pt\/wp-json\/wp\/v2\/posts"}],"about":[{"href":"https:\/\/aboutcom.com.br\/pt\/wp-json\/wp\/v2\/types\/post"}],"author":[{"embeddable":true,"href":"https:\/\/aboutcom.com.br\/pt\/wp-json\/wp\/v2\/users\/2"}],"replies":[{"embeddable":true,"href":"https:\/\/aboutcom.com.br\/pt\/wp-json\/wp\/v2\/comments?post=1131"}],"version-history":[{"count":5,"href":"https:\/\/aboutcom.com.br\/pt\/wp-json\/wp\/v2\/posts\/1131\/revisions"}],"predecessor-version":[{"id":1260,"href":"https:\/\/aboutcom.com.br\/pt\/wp-json\/wp\/v2\/posts\/1131\/revisions\/1260"}],"wp:featuredmedia":[{"embeddable":true,"href":"https:\/\/aboutcom.com.br\/pt\/wp-json\/wp\/v2\/media\/1133"}],"wp:attachment":[{"href":"https:\/\/aboutcom.com.br\/pt\/wp-json\/wp\/v2\/media?parent=1131"}],"wp:term":[{"taxonomy":"category","embeddable":true,"href":"https:\/\/aboutcom.com.br\/pt\/wp-json\/wp\/v2\/categories?post=1131"},{"taxonomy":"post_tag","embeddable":true,"href":"https:\/\/aboutcom.com.br\/pt\/wp-json\/wp\/v2\/tags?post=1131"}],"curies":[{"name":"wp","href":"https:\/\/api.w.org\/{rel}","templated":true}]}}