{"id":1183,"date":"2020-11-13T09:00:34","date_gmt":"2020-11-13T09:00:34","guid":{"rendered":"http:\/\/aboutcom.com.br\/pt\/?p=1183"},"modified":"2025-08-01T13:02:06","modified_gmt":"2025-08-01T13:02:06","slug":"3-coisas-para-avaliar-ao-olhar-para-a-comunicacao-sob-a-otica-de-funil","status":"publish","type":"post","link":"https:\/\/aboutcom.com.br\/pt\/3-coisas-para-avaliar-ao-olhar-para-a-comunicacao-sob-a-otica-de-funil\/","title":{"rendered":"3 coisas para avaliar ao olhar para a comunica\u00e7\u00e3o sob a \u00f3tica de funil"},"content":{"rendered":"<p>Quem busca botar em pr\u00e1tica todos os benef\u00edcios do <strong>marketing<\/strong>, entende que cada empresa precisa de uma voz espec\u00edfica, que seja sua e que seja condizente com as expectativas do p\u00fablico-alvo. Essa necessidade fica ainda mais em evid\u00eancia quando pensamos na <strong>comunica\u00e7\u00e3o empresarial<\/strong>.<!--more--><\/p>\n<p><strong>Sair em um ve\u00edculo de imprensa espontaneamente<\/strong> significa emplacar uma comunica\u00e7\u00e3o genu\u00edna, pe\u00e7a fundamental na rela\u00e7\u00e3o entre a empresa e seus clientes. A linguagem, al\u00e9m disso, \u00e9 o filtro para compreender os ve\u00edculos de imprensa ideais para atingir as personas no topo, no centro e no fundo do funil.<\/p>\n<p>Esse entendimento \u00e9 fruto do estudo e da avalia\u00e7\u00e3o cuidadosa de aspectos muito importantes das <strong>personas<\/strong> e dos objetivos da empresa.<\/p>\n<p>Entenda abaixo 3 coisas importantes para avaliar sua comunica\u00e7\u00e3o sob a \u00f3tica do funil.<\/p>\n<h3><strong>1 &#8211; Por quais canais as personas se informam?<\/strong><\/h3>\n<p>Esse simples questionamento \u00e9 o ponto de partida para uma imers\u00e3o no <strong>consumo de informa\u00e7\u00e3o das personas<\/strong>. Os p\u00fablicos acessam ve\u00edculos de imprensa por motivos distintos, mas muitas vezes a <strong>autoridade <\/strong>\u00e9 o fator comum entre os canais.<\/p>\n<p>\u00c9 claro que a efici\u00eancia da autoridade depende do<strong> objetivo da campanha<\/strong>. Um conte\u00fado de TI n\u00e3o precisa atingir apenas um caderno de tecnologia em um jornal ou revista para ter efeito. Mais importante do que isso, \u00e9 descobrir a pauta com mais impacto e o est\u00e1gio do funil em que ela pode atrair engajamento do p\u00fablico. \u00c9 apenas a partir dessa compreens\u00e3o anterior que o ve\u00edculo de imprensa ser\u00e1 apontado.<\/p>\n<p>Quando uma pessoa l\u00ea a se\u00e7\u00e3o de tecnologia de um jornal de grande circula\u00e7\u00e3o, por exemplo, ela sabe que um processo cuidadoso de curadoria foi realizado para que uma marca apare\u00e7a como not\u00edcia. \u00c9 natural que essa marca cres\u00e7a em seu conceito a partir dessa autoridade.<\/p>\n<p>A autoridade \u00e9 garantida justamente pelo compromisso com a acuidade do conte\u00fado que esse canal de imprensa garante aos leitores. Ou seja, n\u00e3o h\u00e1 como \u201ccomprar\u201d a presen\u00e7a da empresa nesse espa\u00e7o, mas sim garantir que ela saia espontaneamente, por conta do <strong>valor produzido em seus servi\u00e7os ou produtos<\/strong>.<\/p>\n<h3><strong>2 &#8211; Qual \u00e9 o grau de conhecimento da persona a respeito do tema?<\/strong><\/h3>\n<p>Observar a <strong>linguagem utilizada<\/strong> nos ve\u00edculos de imprensa preferidos das personas j\u00e1 entregar\u00e1 uma boa pista sobre como calibrar o <em>pitch <\/em>de sua comunica\u00e7\u00e3o para cada caso espec\u00edfico.<\/p>\n<p>No entanto, entender o <strong>grau de conhecimento das personas<\/strong> a respeito do tema ser\u00e1 ideal na hora de balancear o jogo entre cria\u00e7\u00e3o e recep\u00e7\u00e3o de conte\u00fado. Isso envolve conhecer as profiss\u00f5es, forma\u00e7\u00f5es e n\u00edvel de instru\u00e7\u00e3o t\u00e9cnica de cada caso.<\/p>\n<p>Alguns produtos tecnol\u00f3gicos s\u00e3o mais voltados \u00e0 pessoas que fazem parte da ind\u00fastria de tecnologia, e s\u00e3o acostumadas \u00e0 <strong>comunica\u00e7\u00e3o em termos t\u00e9cnicos<\/strong>, outros, trabalham com n\u00edveis de instru\u00e7\u00e3o tecnol\u00f3gica que beiram ao <strong>senso comum<\/strong>. \u00c9 natural que essas personas utilizem canais diferentes para se informam e, inclusive, que falem de maneira distinta sobre um mesmo produto!<\/p>\n<p>Assim, podemos entender se um ve\u00edculo \u00e9 capaz de integrar o funil para aquele caso espec\u00edfico e, al\u00e9m disso, qual \u00e9 a melhor forma de conversar com os <em>leads. <\/em><\/p>\n<h3><strong>3 &#8211; Como a comunica\u00e7\u00e3o informa o momento da compra?<\/strong><\/h3>\n<p>Ve\u00edculos de imprensa influenciam o momento da compra de um produto ou servi\u00e7o. Esse fen\u00f4meno ficou mais impactante com o fato de que<strong> grande parte do consumo contempor\u00e2neo acontece dentro da internet<\/strong> e mesmo nas lojas f\u00edsicas os pre\u00e7os e as caracter\u00edsticas do produto s\u00e3o comparados em tempo real.<\/p>\n<p>Os clientes do s\u00e9c. XXI s\u00e3o cada vez mais exigentes justamente pela facilidade do acesso \u00e0 informa\u00e7\u00e3o, em que tudo pode ser acessado no espa\u00e7o de alguns toques.<\/p>\n<p>Esse \u00e9 outro motivo para que uma an\u00e1lise atenta seja feita dos canais de imprensa acessados pelas personas. Afinal, como essas autoridades s\u00e3o constru\u00eddas e qual \u00e9 a linguagem utilizada para garantir o engajamento do p\u00fablico.<\/p>\n<p>As defini\u00e7\u00f5es variam muito e, para determinados nichos, at\u00e9 mesmo publica\u00e7\u00f5es em revistas espec\u00edficas &#8211; de setores que apoiam-se na tecnologia &#8211; podem indicar o caminho para finaliza\u00e7\u00e3o de uma compra. O que importa, nesse caso, \u00e9 entender como validar e apresentar ao p\u00fablico uma solu\u00e7\u00e3o eficaz.<\/p>\n<h3><strong>Quer entender mais sobre o tema?<\/strong><\/h3>\n<p>Confira o <a href=\"https:\/\/conteudo.aboutcom.com.br\/infografico-1\"><strong>infogr\u00e1fico <\/strong><\/a>preparado especialmente para demonstrar como definir o topo, meio e fundo de funil na comunica\u00e7\u00e3o empresarial.<\/p>\n","protected":false},"excerpt":{"rendered":"<p>Descubra 3 coisas importantes para avaliar sua comunica\u00e7\u00e3o sob a \u00f3tica do funil. Esse entendimento \u00e9 fruto do estudo e da avalia\u00e7\u00e3o cuidadosa de aspectos muito importantes das personas e dos objetivos da empresa.<\/p>\n","protected":false},"author":3,"featured_media":1185,"comment_status":"open","ping_status":"open","sticky":false,"template":"","format":"standard","meta":{"_acf_changed":false,"inline_featured_image":false,"footnotes":""},"categories":[220,222],"tags":[],"class_list":["post-1183","post","type-post","status-publish","format-standard","has-post-thumbnail","hentry","category-conhecimento","category-t2h-conhecimento"],"blocksy_meta":[],"acf":[],"yoast_head":"<!-- This site is optimized with the Yoast SEO plugin v27.5 - https:\/\/yoast.com\/product\/yoast-seo-wordpress\/ -->\n<title>3 coisas para avaliar ao olhar para a comunica\u00e7\u00e3o sob a \u00f3tica de funil<\/title>\n<meta name=\"description\" content=\"Descubra 3 coisas importantes para avaliar sua comunica\u00e7\u00e3o sob a \u00f3tica do funil. Esse entendimento \u00e9 fruto do estudo e da avalia\u00e7\u00e3o cuidadosa de aspectos muito importantes daspersonas e dos objetivos da empresa.\" \/>\n<meta name=\"robots\" content=\"index, follow, max-snippet:-1, max-image-preview:large, max-video-preview:-1\" \/>\n<link rel=\"canonical\" href=\"https:\/\/aboutcom.com.br\/pt\/3-coisas-para-avaliar-ao-olhar-para-a-comunicacao-sob-a-otica-de-funil\/\" \/>\n<meta property=\"og:locale\" content=\"pt_BR\" \/>\n<meta property=\"og:locale:alternate\" content=\"en_US\" \/>\n<meta property=\"og:locale:alternate\" content=\"es_ES\" \/>\n<meta property=\"og:type\" content=\"article\" \/>\n<meta property=\"og:title\" content=\"3 coisas para avaliar ao olhar para a comunica\u00e7\u00e3o sob a \u00f3tica de funil\" \/>\n<meta property=\"og:description\" content=\"Descubra 3 coisas importantes para avaliar sua comunica\u00e7\u00e3o sob a \u00f3tica do funil. Esse entendimento \u00e9 fruto do estudo e da avalia\u00e7\u00e3o cuidadosa de aspectos muito importantes daspersonas e dos objetivos da empresa.\" \/>\n<meta property=\"og:url\" content=\"https:\/\/aboutcom.com.br\/pt\/3-coisas-para-avaliar-ao-olhar-para-a-comunicacao-sob-a-otica-de-funil\/\" \/>\n<meta property=\"og:site_name\" content=\"aboutCOM\" \/>\n<meta property=\"article:published_time\" content=\"2020-11-13T09:00:34+00:00\" \/>\n<meta property=\"article:modified_time\" content=\"2025-08-01T13:02:06+00:00\" \/>\n<meta property=\"og:image\" content=\"https:\/\/aboutcom.com.br\/wp-content\/uploads\/2020\/11\/3-coisas-para-avaliar-ao-olhar-para-a-comunica\u00e7\u00e3o-sob-a-\u00f3tica-de-funil-1.png\" \/>\n\t<meta property=\"og:image:width\" content=\"960\" \/>\n\t<meta property=\"og:image:height\" content=\"640\" \/>\n\t<meta property=\"og:image:type\" content=\"image\/png\" \/>\n<meta name=\"author\" content=\"Lilian Diniz\" \/>\n<meta name=\"twitter:card\" content=\"summary_large_image\" \/>\n<meta name=\"twitter:label1\" content=\"Escrito por\" \/>\n\t<meta name=\"twitter:data1\" content=\"Lilian Diniz\" \/>\n\t<meta name=\"twitter:label2\" content=\"Est. tempo de leitura\" \/>\n\t<meta name=\"twitter:data2\" content=\"4 minutos\" \/>\n<script type=\"application\/ld+json\" class=\"yoast-schema-graph\">{\"@context\":\"https:\\\/\\\/schema.org\",\"@graph\":[{\"@type\":\"Article\",\"@id\":\"https:\\\/\\\/aboutcom.com.br\\\/pt\\\/3-coisas-para-avaliar-ao-olhar-para-a-comunicacao-sob-a-otica-de-funil\\\/#article\",\"isPartOf\":{\"@id\":\"https:\\\/\\\/aboutcom.com.br\\\/pt\\\/3-coisas-para-avaliar-ao-olhar-para-a-comunicacao-sob-a-otica-de-funil\\\/\"},\"author\":{\"name\":\"Lilian Diniz\",\"@id\":\"https:\\\/\\\/aboutcom.com.br\\\/pt\\\/#\\\/schema\\\/person\\\/b58cd43cdc3d9b77435c992981746445\"},\"headline\":\"3 coisas para avaliar ao olhar para a comunica\u00e7\u00e3o sob a \u00f3tica de funil\",\"datePublished\":\"2020-11-13T09:00:34+00:00\",\"dateModified\":\"2025-08-01T13:02:06+00:00\",\"mainEntityOfPage\":{\"@id\":\"https:\\\/\\\/aboutcom.com.br\\\/pt\\\/3-coisas-para-avaliar-ao-olhar-para-a-comunicacao-sob-a-otica-de-funil\\\/\"},\"wordCount\":781,\"commentCount\":0,\"publisher\":{\"@id\":\"https:\\\/\\\/aboutcom.com.br\\\/pt\\\/#organization\"},\"image\":{\"@id\":\"https:\\\/\\\/aboutcom.com.br\\\/pt\\\/3-coisas-para-avaliar-ao-olhar-para-a-comunicacao-sob-a-otica-de-funil\\\/#primaryimage\"},\"thumbnailUrl\":\"https:\\\/\\\/aboutcom.com.br\\\/wp-content\\\/uploads\\\/2020\\\/11\\\/3-coisas-para-avaliar-ao-olhar-para-a-comunica\u00e7\u00e3o-sob-a-\u00f3tica-de-funil-1.png\",\"articleSection\":[\"Conhecimento\",\"T2H\"],\"inLanguage\":\"pt-BR\",\"potentialAction\":[{\"@type\":\"CommentAction\",\"name\":\"Comment\",\"target\":[\"https:\\\/\\\/aboutcom.com.br\\\/pt\\\/3-coisas-para-avaliar-ao-olhar-para-a-comunicacao-sob-a-otica-de-funil\\\/#respond\"]}]},{\"@type\":\"WebPage\",\"@id\":\"https:\\\/\\\/aboutcom.com.br\\\/pt\\\/3-coisas-para-avaliar-ao-olhar-para-a-comunicacao-sob-a-otica-de-funil\\\/\",\"url\":\"https:\\\/\\\/aboutcom.com.br\\\/pt\\\/3-coisas-para-avaliar-ao-olhar-para-a-comunicacao-sob-a-otica-de-funil\\\/\",\"name\":\"3 coisas para avaliar ao olhar para a comunica\u00e7\u00e3o sob a \u00f3tica de funil\",\"isPartOf\":{\"@id\":\"https:\\\/\\\/aboutcom.com.br\\\/pt\\\/#website\"},\"primaryImageOfPage\":{\"@id\":\"https:\\\/\\\/aboutcom.com.br\\\/pt\\\/3-coisas-para-avaliar-ao-olhar-para-a-comunicacao-sob-a-otica-de-funil\\\/#primaryimage\"},\"image\":{\"@id\":\"https:\\\/\\\/aboutcom.com.br\\\/pt\\\/3-coisas-para-avaliar-ao-olhar-para-a-comunicacao-sob-a-otica-de-funil\\\/#primaryimage\"},\"thumbnailUrl\":\"https:\\\/\\\/aboutcom.com.br\\\/wp-content\\\/uploads\\\/2020\\\/11\\\/3-coisas-para-avaliar-ao-olhar-para-a-comunica\u00e7\u00e3o-sob-a-\u00f3tica-de-funil-1.png\",\"datePublished\":\"2020-11-13T09:00:34+00:00\",\"dateModified\":\"2025-08-01T13:02:06+00:00\",\"description\":\"Descubra 3 coisas importantes para avaliar sua comunica\u00e7\u00e3o sob a \u00f3tica do funil. Esse entendimento \u00e9 fruto do estudo e da avalia\u00e7\u00e3o cuidadosa de aspectos muito importantes daspersonas e dos objetivos da empresa.\",\"breadcrumb\":{\"@id\":\"https:\\\/\\\/aboutcom.com.br\\\/pt\\\/3-coisas-para-avaliar-ao-olhar-para-a-comunicacao-sob-a-otica-de-funil\\\/#breadcrumb\"},\"inLanguage\":\"pt-BR\",\"potentialAction\":[{\"@type\":\"ReadAction\",\"target\":[\"https:\\\/\\\/aboutcom.com.br\\\/pt\\\/3-coisas-para-avaliar-ao-olhar-para-a-comunicacao-sob-a-otica-de-funil\\\/\"]}]},{\"@type\":\"ImageObject\",\"inLanguage\":\"pt-BR\",\"@id\":\"https:\\\/\\\/aboutcom.com.br\\\/pt\\\/3-coisas-para-avaliar-ao-olhar-para-a-comunicacao-sob-a-otica-de-funil\\\/#primaryimage\",\"url\":\"https:\\\/\\\/aboutcom.com.br\\\/wp-content\\\/uploads\\\/2020\\\/11\\\/3-coisas-para-avaliar-ao-olhar-para-a-comunica\u00e7\u00e3o-sob-a-\u00f3tica-de-funil-1.png\",\"contentUrl\":\"https:\\\/\\\/aboutcom.com.br\\\/wp-content\\\/uploads\\\/2020\\\/11\\\/3-coisas-para-avaliar-ao-olhar-para-a-comunica\u00e7\u00e3o-sob-a-\u00f3tica-de-funil-1.png\",\"width\":960,\"height\":640},{\"@type\":\"BreadcrumbList\",\"@id\":\"https:\\\/\\\/aboutcom.com.br\\\/pt\\\/3-coisas-para-avaliar-ao-olhar-para-a-comunicacao-sob-a-otica-de-funil\\\/#breadcrumb\",\"itemListElement\":[{\"@type\":\"ListItem\",\"position\":1,\"name\":\"In\u00edcio\",\"item\":\"https:\\\/\\\/aboutcom.com.br\\\/pt\\\/\"},{\"@type\":\"ListItem\",\"position\":2,\"name\":\"3 coisas para avaliar ao olhar para a comunica\u00e7\u00e3o sob a \u00f3tica de funil\"}]},{\"@type\":\"WebSite\",\"@id\":\"https:\\\/\\\/aboutcom.com.br\\\/pt\\\/#website\",\"url\":\"https:\\\/\\\/aboutcom.com.br\\\/pt\\\/\",\"name\":\"aboutCOM\",\"description\":\"Especialistas em Comunica\u00e7\u00e3o\",\"publisher\":{\"@id\":\"https:\\\/\\\/aboutcom.com.br\\\/pt\\\/#organization\"},\"potentialAction\":[{\"@type\":\"SearchAction\",\"target\":{\"@type\":\"EntryPoint\",\"urlTemplate\":\"https:\\\/\\\/aboutcom.com.br\\\/pt\\\/?s={search_term_string}\"},\"query-input\":{\"@type\":\"PropertyValueSpecification\",\"valueRequired\":true,\"valueName\":\"search_term_string\"}}],\"inLanguage\":\"pt-BR\"},{\"@type\":\"Organization\",\"@id\":\"https:\\\/\\\/aboutcom.com.br\\\/pt\\\/#organization\",\"name\":\"aboutCOM\",\"url\":\"https:\\\/\\\/aboutcom.com.br\\\/pt\\\/\",\"logo\":{\"@type\":\"ImageObject\",\"inLanguage\":\"pt-BR\",\"@id\":\"https:\\\/\\\/aboutcom.com.br\\\/pt\\\/#\\\/schema\\\/logo\\\/image\\\/\",\"url\":\"https:\\\/\\\/aboutcom.com.br\\\/wp-content\\\/uploads\\\/2025\\\/08\\\/aboutCOM_LOGO-10-scaled.png\",\"contentUrl\":\"https:\\\/\\\/aboutcom.com.br\\\/wp-content\\\/uploads\\\/2025\\\/08\\\/aboutCOM_LOGO-10-scaled.png\",\"width\":2560,\"height\":786,\"caption\":\"aboutCOM\"},\"image\":{\"@id\":\"https:\\\/\\\/aboutcom.com.br\\\/pt\\\/#\\\/schema\\\/logo\\\/image\\\/\"}},{\"@type\":\"Person\",\"@id\":\"https:\\\/\\\/aboutcom.com.br\\\/pt\\\/#\\\/schema\\\/person\\\/b58cd43cdc3d9b77435c992981746445\",\"name\":\"Lilian Diniz\",\"image\":{\"@type\":\"ImageObject\",\"inLanguage\":\"pt-BR\",\"@id\":\"https:\\\/\\\/secure.gravatar.com\\\/avatar\\\/edb5a3757001cd9e9cf4f410ea42652fcbe8fec9dab310605315f26d46b9244b?s=96&d=mm&r=g\",\"url\":\"https:\\\/\\\/secure.gravatar.com\\\/avatar\\\/edb5a3757001cd9e9cf4f410ea42652fcbe8fec9dab310605315f26d46b9244b?s=96&d=mm&r=g\",\"contentUrl\":\"https:\\\/\\\/secure.gravatar.com\\\/avatar\\\/edb5a3757001cd9e9cf4f410ea42652fcbe8fec9dab310605315f26d46b9244b?s=96&d=mm&r=g\",\"caption\":\"Lilian Diniz\"},\"url\":\"https:\\\/\\\/aboutcom.com.br\\\/pt\\\/author\\\/lilian\\\/\"}]}<\/script>\n<!-- \/ Yoast SEO plugin. -->","yoast_head_json":{"title":"3 coisas para avaliar ao olhar para a comunica\u00e7\u00e3o sob a \u00f3tica de funil","description":"Descubra 3 coisas importantes para avaliar sua comunica\u00e7\u00e3o sob a \u00f3tica do funil. Esse entendimento \u00e9 fruto do estudo e da avalia\u00e7\u00e3o cuidadosa de aspectos muito importantes daspersonas e dos objetivos da empresa.","robots":{"index":"index","follow":"follow","max-snippet":"max-snippet:-1","max-image-preview":"max-image-preview:large","max-video-preview":"max-video-preview:-1"},"canonical":"https:\/\/aboutcom.com.br\/pt\/3-coisas-para-avaliar-ao-olhar-para-a-comunicacao-sob-a-otica-de-funil\/","og_locale":"pt_BR","og_type":"article","og_title":"[:pt]3 coisas para avaliar ao olhar para a comunica\u00e7\u00e3o sob a \u00f3tica de funil[:] - aboutCOM","og_description":"Descubra 3 coisas importantes para avaliar sua comunica\u00e7\u00e3o sob a \u00f3tica do funil. Esse entendimento \u00e9 fruto do estudo e da avalia\u00e7\u00e3o cuidadosa de aspectos muito importantes daspersonas e dos objetivos da empresa.","og_url":"https:\/\/aboutcom.com.br\/pt\/3-coisas-para-avaliar-ao-olhar-para-a-comunicacao-sob-a-otica-de-funil\/","og_site_name":"aboutCOM","article_published_time":"2020-11-13T09:00:34+00:00","article_modified_time":"2025-08-01T13:02:06+00:00","og_image":[{"width":960,"height":640,"url":"https:\/\/aboutcom.com.br\/wp-content\/uploads\/2020\/11\/3-coisas-para-avaliar-ao-olhar-para-a-comunica\u00e7\u00e3o-sob-a-\u00f3tica-de-funil-1.png","type":"image\/png"}],"author":"Lilian Diniz","twitter_card":"summary_large_image","twitter_misc":{"Escrito por":"Lilian Diniz","Est. tempo de leitura":"4 minutos"},"schema":{"@context":"https:\/\/schema.org","@graph":[{"@type":"Article","@id":"https:\/\/aboutcom.com.br\/pt\/3-coisas-para-avaliar-ao-olhar-para-a-comunicacao-sob-a-otica-de-funil\/#article","isPartOf":{"@id":"https:\/\/aboutcom.com.br\/pt\/3-coisas-para-avaliar-ao-olhar-para-a-comunicacao-sob-a-otica-de-funil\/"},"author":{"name":"Lilian Diniz","@id":"https:\/\/aboutcom.com.br\/pt\/#\/schema\/person\/b58cd43cdc3d9b77435c992981746445"},"headline":"3 coisas para avaliar ao olhar para a comunica\u00e7\u00e3o sob a \u00f3tica de funil","datePublished":"2020-11-13T09:00:34+00:00","dateModified":"2025-08-01T13:02:06+00:00","mainEntityOfPage":{"@id":"https:\/\/aboutcom.com.br\/pt\/3-coisas-para-avaliar-ao-olhar-para-a-comunicacao-sob-a-otica-de-funil\/"},"wordCount":781,"commentCount":0,"publisher":{"@id":"https:\/\/aboutcom.com.br\/pt\/#organization"},"image":{"@id":"https:\/\/aboutcom.com.br\/pt\/3-coisas-para-avaliar-ao-olhar-para-a-comunicacao-sob-a-otica-de-funil\/#primaryimage"},"thumbnailUrl":"https:\/\/aboutcom.com.br\/wp-content\/uploads\/2020\/11\/3-coisas-para-avaliar-ao-olhar-para-a-comunica\u00e7\u00e3o-sob-a-\u00f3tica-de-funil-1.png","articleSection":["Conhecimento","T2H"],"inLanguage":"pt-BR","potentialAction":[{"@type":"CommentAction","name":"Comment","target":["https:\/\/aboutcom.com.br\/pt\/3-coisas-para-avaliar-ao-olhar-para-a-comunicacao-sob-a-otica-de-funil\/#respond"]}]},{"@type":"WebPage","@id":"https:\/\/aboutcom.com.br\/pt\/3-coisas-para-avaliar-ao-olhar-para-a-comunicacao-sob-a-otica-de-funil\/","url":"https:\/\/aboutcom.com.br\/pt\/3-coisas-para-avaliar-ao-olhar-para-a-comunicacao-sob-a-otica-de-funil\/","name":"3 coisas para avaliar ao olhar para a comunica\u00e7\u00e3o sob a \u00f3tica de funil","isPartOf":{"@id":"https:\/\/aboutcom.com.br\/pt\/#website"},"primaryImageOfPage":{"@id":"https:\/\/aboutcom.com.br\/pt\/3-coisas-para-avaliar-ao-olhar-para-a-comunicacao-sob-a-otica-de-funil\/#primaryimage"},"image":{"@id":"https:\/\/aboutcom.com.br\/pt\/3-coisas-para-avaliar-ao-olhar-para-a-comunicacao-sob-a-otica-de-funil\/#primaryimage"},"thumbnailUrl":"https:\/\/aboutcom.com.br\/wp-content\/uploads\/2020\/11\/3-coisas-para-avaliar-ao-olhar-para-a-comunica\u00e7\u00e3o-sob-a-\u00f3tica-de-funil-1.png","datePublished":"2020-11-13T09:00:34+00:00","dateModified":"2025-08-01T13:02:06+00:00","description":"Descubra 3 coisas importantes para avaliar sua comunica\u00e7\u00e3o sob a \u00f3tica do funil. Esse entendimento \u00e9 fruto do estudo e da avalia\u00e7\u00e3o cuidadosa de aspectos muito importantes daspersonas e dos objetivos da empresa.","breadcrumb":{"@id":"https:\/\/aboutcom.com.br\/pt\/3-coisas-para-avaliar-ao-olhar-para-a-comunicacao-sob-a-otica-de-funil\/#breadcrumb"},"inLanguage":"pt-BR","potentialAction":[{"@type":"ReadAction","target":["https:\/\/aboutcom.com.br\/pt\/3-coisas-para-avaliar-ao-olhar-para-a-comunicacao-sob-a-otica-de-funil\/"]}]},{"@type":"ImageObject","inLanguage":"pt-BR","@id":"https:\/\/aboutcom.com.br\/pt\/3-coisas-para-avaliar-ao-olhar-para-a-comunicacao-sob-a-otica-de-funil\/#primaryimage","url":"https:\/\/aboutcom.com.br\/wp-content\/uploads\/2020\/11\/3-coisas-para-avaliar-ao-olhar-para-a-comunica\u00e7\u00e3o-sob-a-\u00f3tica-de-funil-1.png","contentUrl":"https:\/\/aboutcom.com.br\/wp-content\/uploads\/2020\/11\/3-coisas-para-avaliar-ao-olhar-para-a-comunica\u00e7\u00e3o-sob-a-\u00f3tica-de-funil-1.png","width":960,"height":640},{"@type":"BreadcrumbList","@id":"https:\/\/aboutcom.com.br\/pt\/3-coisas-para-avaliar-ao-olhar-para-a-comunicacao-sob-a-otica-de-funil\/#breadcrumb","itemListElement":[{"@type":"ListItem","position":1,"name":"In\u00edcio","item":"https:\/\/aboutcom.com.br\/pt\/"},{"@type":"ListItem","position":2,"name":"3 coisas para avaliar ao olhar para a comunica\u00e7\u00e3o sob a \u00f3tica de funil"}]},{"@type":"WebSite","@id":"https:\/\/aboutcom.com.br\/pt\/#website","url":"https:\/\/aboutcom.com.br\/pt\/","name":"aboutCOM","description":"Especialistas em Comunica\u00e7\u00e3o","publisher":{"@id":"https:\/\/aboutcom.com.br\/pt\/#organization"},"potentialAction":[{"@type":"SearchAction","target":{"@type":"EntryPoint","urlTemplate":"https:\/\/aboutcom.com.br\/pt\/?s={search_term_string}"},"query-input":{"@type":"PropertyValueSpecification","valueRequired":true,"valueName":"search_term_string"}}],"inLanguage":"pt-BR"},{"@type":"Organization","@id":"https:\/\/aboutcom.com.br\/pt\/#organization","name":"aboutCOM","url":"https:\/\/aboutcom.com.br\/pt\/","logo":{"@type":"ImageObject","inLanguage":"pt-BR","@id":"https:\/\/aboutcom.com.br\/pt\/#\/schema\/logo\/image\/","url":"https:\/\/aboutcom.com.br\/wp-content\/uploads\/2025\/08\/aboutCOM_LOGO-10-scaled.png","contentUrl":"https:\/\/aboutcom.com.br\/wp-content\/uploads\/2025\/08\/aboutCOM_LOGO-10-scaled.png","width":2560,"height":786,"caption":"aboutCOM"},"image":{"@id":"https:\/\/aboutcom.com.br\/pt\/#\/schema\/logo\/image\/"}},{"@type":"Person","@id":"https:\/\/aboutcom.com.br\/pt\/#\/schema\/person\/b58cd43cdc3d9b77435c992981746445","name":"Lilian Diniz","image":{"@type":"ImageObject","inLanguage":"pt-BR","@id":"https:\/\/secure.gravatar.com\/avatar\/edb5a3757001cd9e9cf4f410ea42652fcbe8fec9dab310605315f26d46b9244b?s=96&d=mm&r=g","url":"https:\/\/secure.gravatar.com\/avatar\/edb5a3757001cd9e9cf4f410ea42652fcbe8fec9dab310605315f26d46b9244b?s=96&d=mm&r=g","contentUrl":"https:\/\/secure.gravatar.com\/avatar\/edb5a3757001cd9e9cf4f410ea42652fcbe8fec9dab310605315f26d46b9244b?s=96&d=mm&r=g","caption":"Lilian Diniz"},"url":"https:\/\/aboutcom.com.br\/pt\/author\/lilian\/"}]}},"_links":{"self":[{"href":"https:\/\/aboutcom.com.br\/pt\/wp-json\/wp\/v2\/posts\/1183","targetHints":{"allow":["GET"]}}],"collection":[{"href":"https:\/\/aboutcom.com.br\/pt\/wp-json\/wp\/v2\/posts"}],"about":[{"href":"https:\/\/aboutcom.com.br\/pt\/wp-json\/wp\/v2\/types\/post"}],"author":[{"embeddable":true,"href":"https:\/\/aboutcom.com.br\/pt\/wp-json\/wp\/v2\/users\/3"}],"replies":[{"embeddable":true,"href":"https:\/\/aboutcom.com.br\/pt\/wp-json\/wp\/v2\/comments?post=1183"}],"version-history":[{"count":5,"href":"https:\/\/aboutcom.com.br\/pt\/wp-json\/wp\/v2\/posts\/1183\/revisions"}],"predecessor-version":[{"id":1258,"href":"https:\/\/aboutcom.com.br\/pt\/wp-json\/wp\/v2\/posts\/1183\/revisions\/1258"}],"wp:featuredmedia":[{"embeddable":true,"href":"https:\/\/aboutcom.com.br\/pt\/wp-json\/wp\/v2\/media\/1185"}],"wp:attachment":[{"href":"https:\/\/aboutcom.com.br\/pt\/wp-json\/wp\/v2\/media?parent=1183"}],"wp:term":[{"taxonomy":"category","embeddable":true,"href":"https:\/\/aboutcom.com.br\/pt\/wp-json\/wp\/v2\/categories?post=1183"},{"taxonomy":"post_tag","embeddable":true,"href":"https:\/\/aboutcom.com.br\/pt\/wp-json\/wp\/v2\/tags?post=1183"}],"curies":[{"name":"wp","href":"https:\/\/api.w.org\/{rel}","templated":true}]}}