{"id":1409,"date":"2022-07-29T19:12:06","date_gmt":"2022-07-29T19:12:06","guid":{"rendered":"http:\/\/aboutcom.com.br\/pt\/?p=1409"},"modified":"2025-08-01T12:57:33","modified_gmt":"2025-08-01T12:57:33","slug":"quais-os-principais-desafios-da-comunicacao-b2b-hoje","status":"publish","type":"post","link":"https:\/\/aboutcom.com.br\/pt\/quais-os-principais-desafios-da-comunicacao-b2b-hoje\/","title":{"rendered":"Quais os principais desafios da comunica\u00e7\u00e3o B2B hoje?"},"content":{"rendered":"<p><span style=\"font-weight: 400;\">A comunica\u00e7\u00e3o corporativa vem se adaptando ao longo dos \u00faltimos anos conforme acompanha algumas mudan\u00e7as da sociedade. Essa movimenta\u00e7\u00e3o, que passa pelo aprimoramento da tecnologia, crescimento das redes sociais, gest\u00e3o de relacionamentos e, at\u00e9 mesmo, a pandemia, tamb\u00e9m <strong>impacta diretamente a comunica\u00e7\u00e3o<\/strong>\u00a0<strong>B2B, que precisa entender o seu papel e encontrar a melhor maneira de se comunicar com o seu p\u00fablico.<\/strong><\/span><\/p>\n<p><span style=\"font-weight: 400;\">Nesse cen\u00e1rio, os desafios s\u00e3o muitos. A import\u00e2ncia de desenvolver conversas genu\u00ednas e adequadas ao contexto, a estrat\u00e9gia certa e alinhada aos objetivos de neg\u00f3cio, a necessidade de transmitir credibilidade e manter ou criar uma boa reputa\u00e7\u00e3o, al\u00e9m da amplia\u00e7\u00e3o do bom e conhecido <em>awareness<\/em> de marca s\u00e3o alguns deles.<\/span><\/p>\n<p>Esses temas est\u00e3o presentes em quase todas as conversas que temos com empresas e clientes quando o assunto \u00e9 a comunica\u00e7\u00e3o no B2B. \u00c9 importante tamb\u00e9m considerar os canais de comunica\u00e7\u00e3o adequados para amplifica\u00e7\u00e3o destas mensagens, e us\u00e1-los de forma que sejam complementares, cada um com sua linguagem.<\/p>\n<h2><b>Comunica\u00e7\u00e3o como pilar para atingir objetivos do neg\u00f3cio <\/b><\/h2>\n<p><span style=\"font-weight: 400;\">Na aboutCOM, acreditamos que, antes de pensar nos canais, \u00e9 preciso entender se a estrat\u00e9gia de comunica\u00e7\u00e3o est\u00e1 direcionada para auxiliar as empresas a\u00a0 atingirem os seus objetivos de neg\u00f3cio.\u00a0<\/span><b><\/b><\/p>\n<p><span style=\"font-weight: 400;\">Por isso, adotamos sempre uma <\/span><b>postura consultiva <\/b><span style=\"font-weight: 400;\">com os nossos clientes, entendendo o que esperam da comunica\u00e7\u00e3o desde o primeiro contato. Assim,\u00a0 conseguimos alinhar as expectativas com o caminho que ser\u00e1 realmente efetivo para que os objetivos da comunica\u00e7\u00e3o se encontrem com os desafios que as empresas t\u00eam no mercado.<\/span><\/p>\n<p><span style=\"font-weight: 400;\">Primeiro, entendemos o que a empresa quer comunicar. Em seguida, estudamos a fundo o seu p\u00fablico, suas dores e o que eles querem ouvir. Depois, cruzamos os dois pontos e, s\u00f3 ent\u00e3o, \u00e9 o momento de olhar para os canais de comunica\u00e7\u00e3o que ser\u00e3o utilizados. <strong>Ou seja, primeiro a estrat\u00e9gia, depois as ferramentas.<\/strong> Assessoria de imprensa, redes sociais, conte\u00fado, marketing digital, entre outras: s\u00e3o as diversos meios nas quais a estrat\u00e9gia vai se traduzir. Claro, pensando sempre na efetividade daquela comunica\u00e7\u00e3o.\u00a0<\/span><b><\/b><\/p>\n<p><span style=\"font-weight: 400;\">Al\u00e9m disso, os direcionamentos devem ser definidos de modo a atender \u00e0 estrat\u00e9gia constru\u00edda em volta de cada canal.<\/span><span style=\"font-weight: 400;\"><br \/>\n<\/span><span style=\"font-weight: 400;\"><br \/>\n<\/span><span style=\"font-weight: 400;\">Do papel consultivo tamb\u00e9m parte a integra\u00e7\u00e3o das diversas ferramentas. Para realmente amplificar uma mensagem, \u00e9 preciso que ela seja estrategicamente adequada a cada um dos canais de comunica\u00e7\u00e3o. Por exemplo,\u00a0 o trabalho digital nas redes sociais e a atua\u00e7\u00e3o no relacionamento com a imprensa podem contemplar um mesmo tema, adequado \u00e0 cada um dos canais. Isso n\u00e3o s\u00f3 atende aos mesmos objetivos mas alcan\u00e7a as personas do neg\u00f3cio em diferentes micro-momentos, aumentando as chances de ampliar o <\/span><i><span style=\"font-weight: 400;\">mindshare<\/span><\/i><span style=\"font-weight: 400;\"> da empresa. O mesmo vale para participa\u00e7\u00e3o em eventos, branded content e a\u00e7\u00f5es de marketing e publicidade.<\/span><\/p>\n<h2><b>Tech2Human: a metodologia de comunica\u00e7\u00e3o B2B\u00a0<\/b><b><\/b><\/h2>\n<p><span style=\"font-weight: 400;\">Tech2Human \u00e9 o nome da metodologia que criamos, que adotamos para nossos clientes e que acreditamos ser ideal para lidar com os desafios atuais da comunica\u00e7\u00e3o corporativa. Como o nome sugere, <strong>olhamos para o lado humano de cada inova\u00e7\u00e3o<\/strong>, focando-nos em criar e estreitar relacionamentos como pe\u00e7a central de nossa abordagem. T2H significa compreender a fundo os desafios das empresas, a partir da \u00f3tica dos clientes, explicando qual o prop\u00f3sito de cada mensagem e cada inova\u00e7\u00e3o. A partir deste olhar personalizado, conseguimos desenhar e redesenhar estrat\u00e9gias realmente efetivas e que impactem positivamente nos neg\u00f3cios dos nossos clientes. Se quiser saber mais sobre gest\u00e3o estrat\u00e9gica humanizada, basta clicar <a class=\"_ps2id\" href=\"https:\/\/aboutcom.com.br\/pt\/gestao-humanizada-lideranca-estrategica\/#t2h\" data-ps2id-offset=\"\">aqui<\/a>.\u00a0<\/span><span style=\"font-weight: 400;\"><br \/>\n<\/span><span style=\"font-weight: 400;\"><br \/>\n<\/span><span style=\"font-weight: 400;\">Em outras palavras, buscamos encontrar as reais necessidades dentro do p\u00fablico de cada empresa atendida e adequar o trabalho para que a comunica\u00e7\u00e3o seja fluida e repercuta em seus neg\u00f3cios. E fazemos isso nos apoiando nas ferramentas mais atuais de comunica\u00e7\u00e3o e marketing, sejam elas quais forem, desde que fa\u00e7am sentido para o p\u00fablico e para a empresa.<\/span><b><\/b><\/p>\n<p><span style=\"font-weight: 400;\">Sempre foi \u00fanico o papel da comunica\u00e7\u00e3o no mercado B2B. E, por isso, a estrat\u00e9gia tra\u00e7ada, para cada neg\u00f3cio com esta particularidade, precisa ser igualmente \u00fanica para cada. Estar de olho nas tend\u00eancias \u00e9 sim, primordial, mas tentar aplicar vis\u00f5es B2C ou tentar simplificar a linguagem do B2B pode dar ao neg\u00f3cio a conota\u00e7\u00e3o de apenas mais uma voz entre tantas outras no mercado. Por isso, o desafio maior \u00e9 manter-se focado nas dores dos seus clientes. No que eles especificamente querem ouvir; e tornar-se uma refer\u00eancia para eles, de modo que, quando eles pensem em procurar um parceiro de neg\u00f3cios, j\u00e1 lembrem da sua empresa.<\/span><\/p>\n","protected":false},"excerpt":{"rendered":"<p>A comunica\u00e7\u00e3o corporativa vem se adaptando ao longo dos \u00faltimos anos conforme acompanha algumas mudan\u00e7as da sociedade. Essa movimenta\u00e7\u00e3o, que passa pelo aprimoramento da tecnologia, crescimento das redes sociais, gest\u00e3o de relacionamentos e, at\u00e9 mesmo, a pandemia, tamb\u00e9m impacta diretamente a comunica\u00e7\u00e3o\u00a0B2B, que precisa entender o seu papel e encontrar a melhor maneira de se [&hellip;]<\/p>\n","protected":false},"author":3,"featured_media":1420,"comment_status":"open","ping_status":"open","sticky":false,"template":"","format":"standard","meta":{"_acf_changed":false,"inline_featured_image":false,"footnotes":""},"categories":[220,222],"tags":[125,63,70,184,71],"class_list":["post-1409","post","type-post","status-publish","format-standard","has-post-thumbnail","hentry","category-conhecimento","category-t2h-conhecimento","tag-b2b","tag-comunicacao-b2b","tag-comunicacao-corporativa","tag-comunicacao-integrada","tag-estrategia-de-comunicacao"],"blocksy_meta":[],"acf":[],"yoast_head":"<!-- This site is optimized with the Yoast SEO plugin v27.5 - https:\/\/yoast.com\/product\/yoast-seo-wordpress\/ -->\n<title>Quais os principais desafios da comunica\u00e7\u00e3o B2B hoje?<\/title>\n<meta name=\"description\" content=\"Focar na estrat\u00e9gia de comunica\u00e7\u00e3o antes de pensar nas ferramentas \u00e9 o caminho para enfrentar os desafios do mercado B2B\" \/>\n<meta name=\"robots\" content=\"index, follow, max-snippet:-1, max-image-preview:large, max-video-preview:-1\" \/>\n<link rel=\"canonical\" href=\"https:\/\/aboutcom.com.br\/pt\/quais-os-principais-desafios-da-comunicacao-b2b-hoje\/\" \/>\n<meta property=\"og:locale\" content=\"pt_BR\" \/>\n<meta property=\"og:locale:alternate\" content=\"en_US\" \/>\n<meta property=\"og:locale:alternate\" content=\"es_ES\" \/>\n<meta property=\"og:type\" content=\"article\" \/>\n<meta property=\"og:title\" content=\"Quais os principais desafios da comunica\u00e7\u00e3o B2B hoje?\" \/>\n<meta property=\"og:description\" content=\"Focar na estrat\u00e9gia de comunica\u00e7\u00e3o antes de pensar nas ferramentas \u00e9 o caminho para enfrentar os desafios do mercado B2B\" \/>\n<meta property=\"og:url\" content=\"https:\/\/aboutcom.com.br\/pt\/quais-os-principais-desafios-da-comunicacao-b2b-hoje\/\" \/>\n<meta property=\"og:site_name\" content=\"aboutCOM\" \/>\n<meta property=\"article:published_time\" content=\"2022-07-29T19:12:06+00:00\" \/>\n<meta property=\"article:modified_time\" content=\"2025-08-01T12:57:33+00:00\" \/>\n<meta property=\"og:image\" content=\"https:\/\/aboutcom.com.br\/wp-content\/uploads\/2022\/07\/startae-team-7tXA8xwe4W4-unsplash-scaled.jpg\" \/>\n\t<meta property=\"og:image:width\" content=\"2560\" \/>\n\t<meta property=\"og:image:height\" content=\"1707\" \/>\n\t<meta property=\"og:image:type\" content=\"image\/jpeg\" \/>\n<meta name=\"author\" content=\"Lilian Diniz\" \/>\n<meta name=\"twitter:card\" content=\"summary_large_image\" \/>\n<meta name=\"twitter:label1\" content=\"Escrito por\" \/>\n\t<meta name=\"twitter:data1\" content=\"Lilian Diniz\" \/>\n\t<meta name=\"twitter:label2\" content=\"Est. tempo de leitura\" \/>\n\t<meta name=\"twitter:data2\" content=\"4 minutos\" \/>\n<script type=\"application\/ld+json\" class=\"yoast-schema-graph\">{\"@context\":\"https:\\\/\\\/schema.org\",\"@graph\":[{\"@type\":\"Article\",\"@id\":\"https:\\\/\\\/aboutcom.com.br\\\/pt\\\/quais-os-principais-desafios-da-comunicacao-b2b-hoje\\\/#article\",\"isPartOf\":{\"@id\":\"https:\\\/\\\/aboutcom.com.br\\\/pt\\\/quais-os-principais-desafios-da-comunicacao-b2b-hoje\\\/\"},\"author\":{\"name\":\"Lilian Diniz\",\"@id\":\"https:\\\/\\\/aboutcom.com.br\\\/pt\\\/#\\\/schema\\\/person\\\/b58cd43cdc3d9b77435c992981746445\"},\"headline\":\"Quais os principais desafios da comunica\u00e7\u00e3o B2B hoje?\",\"datePublished\":\"2022-07-29T19:12:06+00:00\",\"dateModified\":\"2025-08-01T12:57:33+00:00\",\"mainEntityOfPage\":{\"@id\":\"https:\\\/\\\/aboutcom.com.br\\\/pt\\\/quais-os-principais-desafios-da-comunicacao-b2b-hoje\\\/\"},\"wordCount\":810,\"commentCount\":0,\"publisher\":{\"@id\":\"https:\\\/\\\/aboutcom.com.br\\\/pt\\\/#organization\"},\"image\":{\"@id\":\"https:\\\/\\\/aboutcom.com.br\\\/pt\\\/quais-os-principais-desafios-da-comunicacao-b2b-hoje\\\/#primaryimage\"},\"thumbnailUrl\":\"https:\\\/\\\/aboutcom.com.br\\\/wp-content\\\/uploads\\\/2022\\\/07\\\/startae-team-7tXA8xwe4W4-unsplash-scaled.jpg\",\"keywords\":[\"B2B\",\"comunica\u00e7\u00e3o B2B\",\"comunica\u00e7\u00e3o corporativa\",\"comunica\u00e7\u00e3o integrada\",\"Estrat\u00e9gia de Comunica\u00e7\u00e3o\"],\"articleSection\":[\"Conhecimento\",\"T2H\"],\"inLanguage\":\"pt-BR\",\"potentialAction\":[{\"@type\":\"CommentAction\",\"name\":\"Comment\",\"target\":[\"https:\\\/\\\/aboutcom.com.br\\\/pt\\\/quais-os-principais-desafios-da-comunicacao-b2b-hoje\\\/#respond\"]}]},{\"@type\":\"WebPage\",\"@id\":\"https:\\\/\\\/aboutcom.com.br\\\/pt\\\/quais-os-principais-desafios-da-comunicacao-b2b-hoje\\\/\",\"url\":\"https:\\\/\\\/aboutcom.com.br\\\/pt\\\/quais-os-principais-desafios-da-comunicacao-b2b-hoje\\\/\",\"name\":\"Quais os principais desafios da comunica\u00e7\u00e3o B2B hoje?\",\"isPartOf\":{\"@id\":\"https:\\\/\\\/aboutcom.com.br\\\/pt\\\/#website\"},\"primaryImageOfPage\":{\"@id\":\"https:\\\/\\\/aboutcom.com.br\\\/pt\\\/quais-os-principais-desafios-da-comunicacao-b2b-hoje\\\/#primaryimage\"},\"image\":{\"@id\":\"https:\\\/\\\/aboutcom.com.br\\\/pt\\\/quais-os-principais-desafios-da-comunicacao-b2b-hoje\\\/#primaryimage\"},\"thumbnailUrl\":\"https:\\\/\\\/aboutcom.com.br\\\/wp-content\\\/uploads\\\/2022\\\/07\\\/startae-team-7tXA8xwe4W4-unsplash-scaled.jpg\",\"datePublished\":\"2022-07-29T19:12:06+00:00\",\"dateModified\":\"2025-08-01T12:57:33+00:00\",\"description\":\"Focar na estrat\u00e9gia de comunica\u00e7\u00e3o antes de pensar nas ferramentas \u00e9 o caminho para enfrentar os desafios do mercado B2B\",\"breadcrumb\":{\"@id\":\"https:\\\/\\\/aboutcom.com.br\\\/pt\\\/quais-os-principais-desafios-da-comunicacao-b2b-hoje\\\/#breadcrumb\"},\"inLanguage\":\"pt-BR\",\"potentialAction\":[{\"@type\":\"ReadAction\",\"target\":[\"https:\\\/\\\/aboutcom.com.br\\\/pt\\\/quais-os-principais-desafios-da-comunicacao-b2b-hoje\\\/\"]}]},{\"@type\":\"ImageObject\",\"inLanguage\":\"pt-BR\",\"@id\":\"https:\\\/\\\/aboutcom.com.br\\\/pt\\\/quais-os-principais-desafios-da-comunicacao-b2b-hoje\\\/#primaryimage\",\"url\":\"https:\\\/\\\/aboutcom.com.br\\\/wp-content\\\/uploads\\\/2022\\\/07\\\/startae-team-7tXA8xwe4W4-unsplash-scaled.jpg\",\"contentUrl\":\"https:\\\/\\\/aboutcom.com.br\\\/wp-content\\\/uploads\\\/2022\\\/07\\\/startae-team-7tXA8xwe4W4-unsplash-scaled.jpg\",\"width\":2560,\"height\":1707},{\"@type\":\"BreadcrumbList\",\"@id\":\"https:\\\/\\\/aboutcom.com.br\\\/pt\\\/quais-os-principais-desafios-da-comunicacao-b2b-hoje\\\/#breadcrumb\",\"itemListElement\":[{\"@type\":\"ListItem\",\"position\":1,\"name\":\"In\u00edcio\",\"item\":\"https:\\\/\\\/aboutcom.com.br\\\/pt\\\/\"},{\"@type\":\"ListItem\",\"position\":2,\"name\":\"Quais os principais desafios da comunica\u00e7\u00e3o B2B hoje?\"}]},{\"@type\":\"WebSite\",\"@id\":\"https:\\\/\\\/aboutcom.com.br\\\/pt\\\/#website\",\"url\":\"https:\\\/\\\/aboutcom.com.br\\\/pt\\\/\",\"name\":\"aboutCOM\",\"description\":\"Especialistas em Comunica\u00e7\u00e3o\",\"publisher\":{\"@id\":\"https:\\\/\\\/aboutcom.com.br\\\/pt\\\/#organization\"},\"potentialAction\":[{\"@type\":\"SearchAction\",\"target\":{\"@type\":\"EntryPoint\",\"urlTemplate\":\"https:\\\/\\\/aboutcom.com.br\\\/pt\\\/?s={search_term_string}\"},\"query-input\":{\"@type\":\"PropertyValueSpecification\",\"valueRequired\":true,\"valueName\":\"search_term_string\"}}],\"inLanguage\":\"pt-BR\"},{\"@type\":\"Organization\",\"@id\":\"https:\\\/\\\/aboutcom.com.br\\\/pt\\\/#organization\",\"name\":\"aboutCOM\",\"url\":\"https:\\\/\\\/aboutcom.com.br\\\/pt\\\/\",\"logo\":{\"@type\":\"ImageObject\",\"inLanguage\":\"pt-BR\",\"@id\":\"https:\\\/\\\/aboutcom.com.br\\\/pt\\\/#\\\/schema\\\/logo\\\/image\\\/\",\"url\":\"https:\\\/\\\/aboutcom.com.br\\\/wp-content\\\/uploads\\\/2025\\\/08\\\/aboutCOM_LOGO-10-scaled.png\",\"contentUrl\":\"https:\\\/\\\/aboutcom.com.br\\\/wp-content\\\/uploads\\\/2025\\\/08\\\/aboutCOM_LOGO-10-scaled.png\",\"width\":2560,\"height\":786,\"caption\":\"aboutCOM\"},\"image\":{\"@id\":\"https:\\\/\\\/aboutcom.com.br\\\/pt\\\/#\\\/schema\\\/logo\\\/image\\\/\"}},{\"@type\":\"Person\",\"@id\":\"https:\\\/\\\/aboutcom.com.br\\\/pt\\\/#\\\/schema\\\/person\\\/b58cd43cdc3d9b77435c992981746445\",\"name\":\"Lilian Diniz\",\"image\":{\"@type\":\"ImageObject\",\"inLanguage\":\"pt-BR\",\"@id\":\"https:\\\/\\\/secure.gravatar.com\\\/avatar\\\/edb5a3757001cd9e9cf4f410ea42652fcbe8fec9dab310605315f26d46b9244b?s=96&d=mm&r=g\",\"url\":\"https:\\\/\\\/secure.gravatar.com\\\/avatar\\\/edb5a3757001cd9e9cf4f410ea42652fcbe8fec9dab310605315f26d46b9244b?s=96&d=mm&r=g\",\"contentUrl\":\"https:\\\/\\\/secure.gravatar.com\\\/avatar\\\/edb5a3757001cd9e9cf4f410ea42652fcbe8fec9dab310605315f26d46b9244b?s=96&d=mm&r=g\",\"caption\":\"Lilian Diniz\"},\"url\":\"https:\\\/\\\/aboutcom.com.br\\\/pt\\\/author\\\/lilian\\\/\"}]}<\/script>\n<!-- \/ Yoast SEO plugin. -->","yoast_head_json":{"title":"Quais os principais desafios da comunica\u00e7\u00e3o B2B hoje?","description":"Focar na estrat\u00e9gia de comunica\u00e7\u00e3o antes de pensar nas ferramentas \u00e9 o caminho para enfrentar os desafios do mercado B2B","robots":{"index":"index","follow":"follow","max-snippet":"max-snippet:-1","max-image-preview":"max-image-preview:large","max-video-preview":"max-video-preview:-1"},"canonical":"https:\/\/aboutcom.com.br\/pt\/quais-os-principais-desafios-da-comunicacao-b2b-hoje\/","og_locale":"pt_BR","og_type":"article","og_title":"[:pt]Quais os principais desafios da comunica\u00e7\u00e3o B2B hoje?[:] - aboutCOM","og_description":"Focar na estrat\u00e9gia de comunica\u00e7\u00e3o antes de pensar nas ferramentas \u00e9 o caminho para enfrentar os desafios do mercado B2B","og_url":"https:\/\/aboutcom.com.br\/pt\/quais-os-principais-desafios-da-comunicacao-b2b-hoje\/","og_site_name":"aboutCOM","article_published_time":"2022-07-29T19:12:06+00:00","article_modified_time":"2025-08-01T12:57:33+00:00","og_image":[{"width":2560,"height":1707,"url":"https:\/\/aboutcom.com.br\/wp-content\/uploads\/2022\/07\/startae-team-7tXA8xwe4W4-unsplash-scaled.jpg","type":"image\/jpeg"}],"author":"Lilian Diniz","twitter_card":"summary_large_image","twitter_misc":{"Escrito por":"Lilian Diniz","Est. tempo de leitura":"4 minutos"},"schema":{"@context":"https:\/\/schema.org","@graph":[{"@type":"Article","@id":"https:\/\/aboutcom.com.br\/pt\/quais-os-principais-desafios-da-comunicacao-b2b-hoje\/#article","isPartOf":{"@id":"https:\/\/aboutcom.com.br\/pt\/quais-os-principais-desafios-da-comunicacao-b2b-hoje\/"},"author":{"name":"Lilian Diniz","@id":"https:\/\/aboutcom.com.br\/pt\/#\/schema\/person\/b58cd43cdc3d9b77435c992981746445"},"headline":"Quais os principais desafios da comunica\u00e7\u00e3o B2B hoje?","datePublished":"2022-07-29T19:12:06+00:00","dateModified":"2025-08-01T12:57:33+00:00","mainEntityOfPage":{"@id":"https:\/\/aboutcom.com.br\/pt\/quais-os-principais-desafios-da-comunicacao-b2b-hoje\/"},"wordCount":810,"commentCount":0,"publisher":{"@id":"https:\/\/aboutcom.com.br\/pt\/#organization"},"image":{"@id":"https:\/\/aboutcom.com.br\/pt\/quais-os-principais-desafios-da-comunicacao-b2b-hoje\/#primaryimage"},"thumbnailUrl":"https:\/\/aboutcom.com.br\/wp-content\/uploads\/2022\/07\/startae-team-7tXA8xwe4W4-unsplash-scaled.jpg","keywords":["B2B","comunica\u00e7\u00e3o B2B","comunica\u00e7\u00e3o corporativa","comunica\u00e7\u00e3o integrada","Estrat\u00e9gia de Comunica\u00e7\u00e3o"],"articleSection":["Conhecimento","T2H"],"inLanguage":"pt-BR","potentialAction":[{"@type":"CommentAction","name":"Comment","target":["https:\/\/aboutcom.com.br\/pt\/quais-os-principais-desafios-da-comunicacao-b2b-hoje\/#respond"]}]},{"@type":"WebPage","@id":"https:\/\/aboutcom.com.br\/pt\/quais-os-principais-desafios-da-comunicacao-b2b-hoje\/","url":"https:\/\/aboutcom.com.br\/pt\/quais-os-principais-desafios-da-comunicacao-b2b-hoje\/","name":"Quais os principais desafios da comunica\u00e7\u00e3o B2B hoje?","isPartOf":{"@id":"https:\/\/aboutcom.com.br\/pt\/#website"},"primaryImageOfPage":{"@id":"https:\/\/aboutcom.com.br\/pt\/quais-os-principais-desafios-da-comunicacao-b2b-hoje\/#primaryimage"},"image":{"@id":"https:\/\/aboutcom.com.br\/pt\/quais-os-principais-desafios-da-comunicacao-b2b-hoje\/#primaryimage"},"thumbnailUrl":"https:\/\/aboutcom.com.br\/wp-content\/uploads\/2022\/07\/startae-team-7tXA8xwe4W4-unsplash-scaled.jpg","datePublished":"2022-07-29T19:12:06+00:00","dateModified":"2025-08-01T12:57:33+00:00","description":"Focar na estrat\u00e9gia de comunica\u00e7\u00e3o antes de pensar nas ferramentas \u00e9 o caminho para enfrentar os desafios do mercado B2B","breadcrumb":{"@id":"https:\/\/aboutcom.com.br\/pt\/quais-os-principais-desafios-da-comunicacao-b2b-hoje\/#breadcrumb"},"inLanguage":"pt-BR","potentialAction":[{"@type":"ReadAction","target":["https:\/\/aboutcom.com.br\/pt\/quais-os-principais-desafios-da-comunicacao-b2b-hoje\/"]}]},{"@type":"ImageObject","inLanguage":"pt-BR","@id":"https:\/\/aboutcom.com.br\/pt\/quais-os-principais-desafios-da-comunicacao-b2b-hoje\/#primaryimage","url":"https:\/\/aboutcom.com.br\/wp-content\/uploads\/2022\/07\/startae-team-7tXA8xwe4W4-unsplash-scaled.jpg","contentUrl":"https:\/\/aboutcom.com.br\/wp-content\/uploads\/2022\/07\/startae-team-7tXA8xwe4W4-unsplash-scaled.jpg","width":2560,"height":1707},{"@type":"BreadcrumbList","@id":"https:\/\/aboutcom.com.br\/pt\/quais-os-principais-desafios-da-comunicacao-b2b-hoje\/#breadcrumb","itemListElement":[{"@type":"ListItem","position":1,"name":"In\u00edcio","item":"https:\/\/aboutcom.com.br\/pt\/"},{"@type":"ListItem","position":2,"name":"Quais os principais desafios da comunica\u00e7\u00e3o B2B hoje?"}]},{"@type":"WebSite","@id":"https:\/\/aboutcom.com.br\/pt\/#website","url":"https:\/\/aboutcom.com.br\/pt\/","name":"aboutCOM","description":"Especialistas em Comunica\u00e7\u00e3o","publisher":{"@id":"https:\/\/aboutcom.com.br\/pt\/#organization"},"potentialAction":[{"@type":"SearchAction","target":{"@type":"EntryPoint","urlTemplate":"https:\/\/aboutcom.com.br\/pt\/?s={search_term_string}"},"query-input":{"@type":"PropertyValueSpecification","valueRequired":true,"valueName":"search_term_string"}}],"inLanguage":"pt-BR"},{"@type":"Organization","@id":"https:\/\/aboutcom.com.br\/pt\/#organization","name":"aboutCOM","url":"https:\/\/aboutcom.com.br\/pt\/","logo":{"@type":"ImageObject","inLanguage":"pt-BR","@id":"https:\/\/aboutcom.com.br\/pt\/#\/schema\/logo\/image\/","url":"https:\/\/aboutcom.com.br\/wp-content\/uploads\/2025\/08\/aboutCOM_LOGO-10-scaled.png","contentUrl":"https:\/\/aboutcom.com.br\/wp-content\/uploads\/2025\/08\/aboutCOM_LOGO-10-scaled.png","width":2560,"height":786,"caption":"aboutCOM"},"image":{"@id":"https:\/\/aboutcom.com.br\/pt\/#\/schema\/logo\/image\/"}},{"@type":"Person","@id":"https:\/\/aboutcom.com.br\/pt\/#\/schema\/person\/b58cd43cdc3d9b77435c992981746445","name":"Lilian Diniz","image":{"@type":"ImageObject","inLanguage":"pt-BR","@id":"https:\/\/secure.gravatar.com\/avatar\/edb5a3757001cd9e9cf4f410ea42652fcbe8fec9dab310605315f26d46b9244b?s=96&d=mm&r=g","url":"https:\/\/secure.gravatar.com\/avatar\/edb5a3757001cd9e9cf4f410ea42652fcbe8fec9dab310605315f26d46b9244b?s=96&d=mm&r=g","contentUrl":"https:\/\/secure.gravatar.com\/avatar\/edb5a3757001cd9e9cf4f410ea42652fcbe8fec9dab310605315f26d46b9244b?s=96&d=mm&r=g","caption":"Lilian Diniz"},"url":"https:\/\/aboutcom.com.br\/pt\/author\/lilian\/"}]}},"_links":{"self":[{"href":"https:\/\/aboutcom.com.br\/pt\/wp-json\/wp\/v2\/posts\/1409","targetHints":{"allow":["GET"]}}],"collection":[{"href":"https:\/\/aboutcom.com.br\/pt\/wp-json\/wp\/v2\/posts"}],"about":[{"href":"https:\/\/aboutcom.com.br\/pt\/wp-json\/wp\/v2\/types\/post"}],"author":[{"embeddable":true,"href":"https:\/\/aboutcom.com.br\/pt\/wp-json\/wp\/v2\/users\/3"}],"replies":[{"embeddable":true,"href":"https:\/\/aboutcom.com.br\/pt\/wp-json\/wp\/v2\/comments?post=1409"}],"version-history":[{"count":3,"href":"https:\/\/aboutcom.com.br\/pt\/wp-json\/wp\/v2\/posts\/1409\/revisions"}],"predecessor-version":[{"id":1414,"href":"https:\/\/aboutcom.com.br\/pt\/wp-json\/wp\/v2\/posts\/1409\/revisions\/1414"}],"wp:featuredmedia":[{"embeddable":true,"href":"https:\/\/aboutcom.com.br\/pt\/wp-json\/wp\/v2\/media\/1420"}],"wp:attachment":[{"href":"https:\/\/aboutcom.com.br\/pt\/wp-json\/wp\/v2\/media?parent=1409"}],"wp:term":[{"taxonomy":"category","embeddable":true,"href":"https:\/\/aboutcom.com.br\/pt\/wp-json\/wp\/v2\/categories?post=1409"},{"taxonomy":"post_tag","embeddable":true,"href":"https:\/\/aboutcom.com.br\/pt\/wp-json\/wp\/v2\/tags?post=1409"}],"curies":[{"name":"wp","href":"https:\/\/api.w.org\/{rel}","templated":true}]}}