{"id":479,"date":"2016-08-09T10:16:52","date_gmt":"2016-08-09T10:16:52","guid":{"rendered":"http:\/\/aboutcom.com.br\/\/pt\/?p=479"},"modified":"2025-08-01T13:38:29","modified_gmt":"2025-08-01T13:38:29","slug":"em-quais-redes-sociais-sua-empresa-tem-que-estar","status":"publish","type":"post","link":"https:\/\/aboutcom.com.br\/pt\/em-quais-redes-sociais-sua-empresa-tem-que-estar\/","title":{"rendered":"Em quais redes sociais sua empresa tem que estar?"},"content":{"rendered":"<p><i><span style=\"font-weight: 400;\">N\u00e3o \u00e9 preciso estar em todas as redes sociais e, sim, naquela que atenda o objetivo da empresa &#8211; melhor estar apenas em uma, do que em v\u00e1rias sem contar com uma estrat\u00e9gia consolidada<\/span><\/i><\/p>\n<p><span style=\"font-weight: 400;\">Que a presen\u00e7a das empresas nas redes sociais \u00e9 importante no cen\u00e1rio atual n\u00e3o se discute mais. Por\u00e9m, isso n\u00e3o significa estar em todas elas e encher o p\u00fablico de imagens e informa\u00e7\u00f5es a todo instante &#8211; isso n\u00e3o \u00e9 estrat\u00e9gia e, sim, falta de foco. N\u00e3o \u00e9 porque o Snapchat est\u00e1 em voga, que voc\u00ea tem de criar uma conta para sua companhia. O importante \u00e9 construir reputa\u00e7\u00e3o naquelas que s\u00e3o positivas para o seu neg\u00f3cio, pois cada m\u00eddia possui caracter\u00edsticas pr\u00f3prias e ajudam, de maneira diferente, a alcan\u00e7ar objetivos.<\/span><\/p>\n<p><span style=\"font-weight: 400;\">Em 2012, quando o Twitter chegou ao Brasil, por exemplo, todas as empresas queriam estar na rede social. Parecia algo priorit\u00e1rio. Hoje, a ferramenta funciona mais como um meio de comentar programas de televis\u00e3o ou reclamar, do que para gerar neg\u00f3cios e posicionar uma marca.<\/span><\/p>\n<p><span style=\"font-weight: 400;\">Por isso, antes de criar uma conta, an\u00e1lise o perfil de cada rede, pesquise em quais est\u00e3o seus concorrentes, saiba exatamente o p\u00fablico que deseja atingir e defina qual retorno espera da iniciativa: posicionamento de marca, gera\u00e7\u00e3o de neg\u00f3cio ou grupo de discuss\u00e3o?<\/span><\/p>\n<p><span style=\"font-weight: 400;\">Para o mercado B2B, as mais indicadas ainda s\u00e3o Facebook e LinkedIn. Veja as caracter\u00edsticas principais das duas e como se posicionar:<\/span><\/p>\n<p><b>Facebook<\/b><\/p>\n<p><span style=\"font-weight: 400;\">Com mais de um bilh\u00e3o de usu\u00e1rios em todo o mundo, a rede tem um perfil mais leve e \u00e9 usada pela maioria das pessoas tanto para interagir com amigos, quanto para acompanhar not\u00edcias ou empresas. Muitos a utilizam como fonte de informa\u00e7\u00e3o. A rede permite uma linguagem mais informal e a utiliza\u00e7\u00e3o de imagens \u00e9 quase obrigat\u00f3ria. \u00c9 interessante para criar um relacionamento mais pr\u00f3ximo com o cliente, gra\u00e7as \u00e0s p\u00e1ginas corporativas e grupos. No Facebook, o ideal \u00e9 mesclar os posts entre conte\u00fado relevante para seu p\u00fablico e a divulga\u00e7\u00e3o de produtos e servi\u00e7os.<\/span><\/p>\n<p><b>LinkedIn<\/b><\/p>\n<p><span style=\"font-weight: 400;\">Focado em carreira, novos neg\u00f3cios e parcerias. Aqui, diferentemente do Facebook, o contato \u00e9 s\u00f3 profissional, o que o torna muito interessante para o mercado B2B. Uma das vantagens da rede \u00e9 a possibilidade de criar grupos de discuss\u00e3o segmentados. Por meio do dele, \u00e9 poss\u00edvel fechar neg\u00f3cios e parcerias, encontrar profissionais e especialistas de todo o mundo e posicionar a marca como refer\u00eancia em um mercado. Aqui, o conte\u00fado \u00e9 mais denso.<\/span><\/p>\n<p><span style=\"font-weight: 400;\">Mas, lembre-se: seja qual for sua escolha, o mais importante \u00e9 que a p\u00e1gina seja ativa. Poste com frequ\u00eancia, interaja com seu p\u00fablico e participe de grupos de discuss\u00e3o. Sem isso, n\u00e3o h\u00e1 estrat\u00e9gia que se sustente.<\/span><\/p>\n<p><i><span style=\"font-weight: 400;\">Imagem: Pixabay<\/span><\/i><\/p>\n","protected":false},"excerpt":{"rendered":"<p>Redes sociais tem nichos espec\u00edficos. Escolha as que fazem sentido com a empresa<\/p>\n","protected":false},"author":2,"featured_media":862,"comment_status":"open","ping_status":"open","sticky":false,"template":"","format":"standard","meta":{"_acf_changed":false,"inline_featured_image":false,"footnotes":""},"categories":[220,225],"tags":[],"class_list":["post-479","post","type-post","status-publish","format-standard","has-post-thumbnail","hentry","category-conhecimento","category-trend-tech-pr-conhecimento"],"blocksy_meta":[],"acf":[],"yoast_head":"<!-- This site is optimized with the Yoast SEO plugin v27.5 - https:\/\/yoast.com\/product\/yoast-seo-wordpress\/ -->\n<title>Em quais redes sociais sua empresa tem que estar?<\/title>\n<meta name=\"description\" content=\"N\u00e3o \u00e9 preciso estar em todas as redes sociais e, sim, naquela que atenda o objetivo da empresa - melhor estar apenas em uma, do que em v\u00e1rias sem contar com uma estrat\u00e9gia consolidada\" \/>\n<meta name=\"robots\" content=\"index, follow, max-snippet:-1, max-image-preview:large, max-video-preview:-1\" \/>\n<link rel=\"canonical\" href=\"https:\/\/aboutcom.com.br\/pt\/em-quais-redes-sociais-sua-empresa-tem-que-estar\/\" \/>\n<meta property=\"og:locale\" content=\"pt_BR\" \/>\n<meta property=\"og:locale:alternate\" content=\"en_US\" \/>\n<meta property=\"og:locale:alternate\" content=\"es_ES\" \/>\n<meta property=\"og:type\" content=\"article\" \/>\n<meta property=\"og:title\" content=\"Em quais redes sociais sua empresa tem que estar?\" \/>\n<meta property=\"og:description\" content=\"N\u00e3o \u00e9 preciso estar em todas as redes sociais e, sim, naquela que atenda o objetivo da empresa - melhor estar apenas em uma, do que em v\u00e1rias sem contar com uma estrat\u00e9gia consolidada\" \/>\n<meta property=\"og:url\" content=\"https:\/\/aboutcom.com.br\/pt\/em-quais-redes-sociais-sua-empresa-tem-que-estar\/\" \/>\n<meta property=\"og:site_name\" content=\"aboutCOM\" \/>\n<meta property=\"article:published_time\" content=\"2016-08-09T10:16:52+00:00\" \/>\n<meta property=\"article:modified_time\" content=\"2025-08-01T13:38:29+00:00\" \/>\n<meta property=\"og:image\" content=\"https:\/\/aboutcom.com.br\/wp-content\/uploads\/2020\/04\/Post_77.jpg\" \/>\n\t<meta property=\"og:image:width\" content=\"300\" \/>\n\t<meta property=\"og:image:height\" content=\"225\" \/>\n\t<meta property=\"og:image:type\" content=\"image\/jpeg\" \/>\n<meta name=\"author\" content=\"Flavia Sobral\" \/>\n<meta name=\"twitter:card\" content=\"summary_large_image\" \/>\n<meta name=\"twitter:label1\" content=\"Escrito por\" \/>\n\t<meta name=\"twitter:data1\" content=\"Flavia Sobral\" \/>\n\t<meta name=\"twitter:label2\" content=\"Est. tempo de leitura\" \/>\n\t<meta name=\"twitter:data2\" content=\"2 minutos\" \/>\n<script type=\"application\/ld+json\" class=\"yoast-schema-graph\">{\"@context\":\"https:\\\/\\\/schema.org\",\"@graph\":[{\"@type\":\"Article\",\"@id\":\"https:\\\/\\\/aboutcom.com.br\\\/pt\\\/em-quais-redes-sociais-sua-empresa-tem-que-estar\\\/#article\",\"isPartOf\":{\"@id\":\"https:\\\/\\\/aboutcom.com.br\\\/pt\\\/em-quais-redes-sociais-sua-empresa-tem-que-estar\\\/\"},\"author\":{\"name\":\"Flavia Sobral\",\"@id\":\"https:\\\/\\\/aboutcom.com.br\\\/pt\\\/#\\\/schema\\\/person\\\/eda43d487a8de94df327ff97ce94ab2b\"},\"headline\":\"Em quais redes sociais sua empresa tem que estar?\",\"datePublished\":\"2016-08-09T10:16:52+00:00\",\"dateModified\":\"2025-08-01T13:38:29+00:00\",\"mainEntityOfPage\":{\"@id\":\"https:\\\/\\\/aboutcom.com.br\\\/pt\\\/em-quais-redes-sociais-sua-empresa-tem-que-estar\\\/\"},\"wordCount\":499,\"commentCount\":0,\"publisher\":{\"@id\":\"https:\\\/\\\/aboutcom.com.br\\\/pt\\\/#organization\"},\"image\":{\"@id\":\"https:\\\/\\\/aboutcom.com.br\\\/pt\\\/em-quais-redes-sociais-sua-empresa-tem-que-estar\\\/#primaryimage\"},\"thumbnailUrl\":\"https:\\\/\\\/aboutcom.com.br\\\/wp-content\\\/uploads\\\/2020\\\/04\\\/Post_77.jpg\",\"articleSection\":[\"Conhecimento\",\"Trend Tech PR\"],\"inLanguage\":\"pt-BR\",\"potentialAction\":[{\"@type\":\"CommentAction\",\"name\":\"Comment\",\"target\":[\"https:\\\/\\\/aboutcom.com.br\\\/pt\\\/em-quais-redes-sociais-sua-empresa-tem-que-estar\\\/#respond\"]}]},{\"@type\":\"WebPage\",\"@id\":\"https:\\\/\\\/aboutcom.com.br\\\/pt\\\/em-quais-redes-sociais-sua-empresa-tem-que-estar\\\/\",\"url\":\"https:\\\/\\\/aboutcom.com.br\\\/pt\\\/em-quais-redes-sociais-sua-empresa-tem-que-estar\\\/\",\"name\":\"Em quais redes sociais sua empresa tem que estar?\",\"isPartOf\":{\"@id\":\"https:\\\/\\\/aboutcom.com.br\\\/pt\\\/#website\"},\"primaryImageOfPage\":{\"@id\":\"https:\\\/\\\/aboutcom.com.br\\\/pt\\\/em-quais-redes-sociais-sua-empresa-tem-que-estar\\\/#primaryimage\"},\"image\":{\"@id\":\"https:\\\/\\\/aboutcom.com.br\\\/pt\\\/em-quais-redes-sociais-sua-empresa-tem-que-estar\\\/#primaryimage\"},\"thumbnailUrl\":\"https:\\\/\\\/aboutcom.com.br\\\/wp-content\\\/uploads\\\/2020\\\/04\\\/Post_77.jpg\",\"datePublished\":\"2016-08-09T10:16:52+00:00\",\"dateModified\":\"2025-08-01T13:38:29+00:00\",\"description\":\"N\u00e3o \u00e9 preciso estar em todas as redes sociais e, sim, naquela que atenda o objetivo da empresa - melhor estar apenas em uma, do que em v\u00e1rias sem contar com uma estrat\u00e9gia consolidada\",\"breadcrumb\":{\"@id\":\"https:\\\/\\\/aboutcom.com.br\\\/pt\\\/em-quais-redes-sociais-sua-empresa-tem-que-estar\\\/#breadcrumb\"},\"inLanguage\":\"pt-BR\",\"potentialAction\":[{\"@type\":\"ReadAction\",\"target\":[\"https:\\\/\\\/aboutcom.com.br\\\/pt\\\/em-quais-redes-sociais-sua-empresa-tem-que-estar\\\/\"]}]},{\"@type\":\"ImageObject\",\"inLanguage\":\"pt-BR\",\"@id\":\"https:\\\/\\\/aboutcom.com.br\\\/pt\\\/em-quais-redes-sociais-sua-empresa-tem-que-estar\\\/#primaryimage\",\"url\":\"https:\\\/\\\/aboutcom.com.br\\\/wp-content\\\/uploads\\\/2020\\\/04\\\/Post_77.jpg\",\"contentUrl\":\"https:\\\/\\\/aboutcom.com.br\\\/wp-content\\\/uploads\\\/2020\\\/04\\\/Post_77.jpg\",\"width\":300,\"height\":225},{\"@type\":\"BreadcrumbList\",\"@id\":\"https:\\\/\\\/aboutcom.com.br\\\/pt\\\/em-quais-redes-sociais-sua-empresa-tem-que-estar\\\/#breadcrumb\",\"itemListElement\":[{\"@type\":\"ListItem\",\"position\":1,\"name\":\"In\u00edcio\",\"item\":\"https:\\\/\\\/aboutcom.com.br\\\/pt\\\/\"},{\"@type\":\"ListItem\",\"position\":2,\"name\":\"Em quais redes sociais sua empresa tem que estar?\"}]},{\"@type\":\"WebSite\",\"@id\":\"https:\\\/\\\/aboutcom.com.br\\\/pt\\\/#website\",\"url\":\"https:\\\/\\\/aboutcom.com.br\\\/pt\\\/\",\"name\":\"aboutCOM\",\"description\":\"Especialistas em Comunica\u00e7\u00e3o\",\"publisher\":{\"@id\":\"https:\\\/\\\/aboutcom.com.br\\\/pt\\\/#organization\"},\"potentialAction\":[{\"@type\":\"SearchAction\",\"target\":{\"@type\":\"EntryPoint\",\"urlTemplate\":\"https:\\\/\\\/aboutcom.com.br\\\/pt\\\/?s={search_term_string}\"},\"query-input\":{\"@type\":\"PropertyValueSpecification\",\"valueRequired\":true,\"valueName\":\"search_term_string\"}}],\"inLanguage\":\"pt-BR\"},{\"@type\":\"Organization\",\"@id\":\"https:\\\/\\\/aboutcom.com.br\\\/pt\\\/#organization\",\"name\":\"aboutCOM\",\"url\":\"https:\\\/\\\/aboutcom.com.br\\\/pt\\\/\",\"logo\":{\"@type\":\"ImageObject\",\"inLanguage\":\"pt-BR\",\"@id\":\"https:\\\/\\\/aboutcom.com.br\\\/pt\\\/#\\\/schema\\\/logo\\\/image\\\/\",\"url\":\"https:\\\/\\\/aboutcom.com.br\\\/wp-content\\\/uploads\\\/2025\\\/08\\\/aboutCOM_LOGO-10-scaled.png\",\"contentUrl\":\"https:\\\/\\\/aboutcom.com.br\\\/wp-content\\\/uploads\\\/2025\\\/08\\\/aboutCOM_LOGO-10-scaled.png\",\"width\":2560,\"height\":786,\"caption\":\"aboutCOM\"},\"image\":{\"@id\":\"https:\\\/\\\/aboutcom.com.br\\\/pt\\\/#\\\/schema\\\/logo\\\/image\\\/\"}},{\"@type\":\"Person\",\"@id\":\"https:\\\/\\\/aboutcom.com.br\\\/pt\\\/#\\\/schema\\\/person\\\/eda43d487a8de94df327ff97ce94ab2b\",\"name\":\"Flavia Sobral\",\"image\":{\"@type\":\"ImageObject\",\"inLanguage\":\"pt-BR\",\"@id\":\"https:\\\/\\\/secure.gravatar.com\\\/avatar\\\/3f638d2cc5920783745a25032110d52e087ee6d3339a5aa4b8df1bf799871967?s=96&d=mm&r=g\",\"url\":\"https:\\\/\\\/secure.gravatar.com\\\/avatar\\\/3f638d2cc5920783745a25032110d52e087ee6d3339a5aa4b8df1bf799871967?s=96&d=mm&r=g\",\"contentUrl\":\"https:\\\/\\\/secure.gravatar.com\\\/avatar\\\/3f638d2cc5920783745a25032110d52e087ee6d3339a5aa4b8df1bf799871967?s=96&d=mm&r=g\",\"caption\":\"Flavia Sobral\"},\"url\":\"https:\\\/\\\/aboutcom.com.br\\\/pt\\\/author\\\/flavia\\\/\"}]}<\/script>\n<!-- \/ Yoast SEO plugin. -->","yoast_head_json":{"title":"Em quais redes sociais sua empresa tem que estar?","description":"N\u00e3o \u00e9 preciso estar em todas as redes sociais e, sim, naquela que atenda o objetivo da empresa - melhor estar apenas em uma, do que em v\u00e1rias sem contar com uma estrat\u00e9gia consolidada","robots":{"index":"index","follow":"follow","max-snippet":"max-snippet:-1","max-image-preview":"max-image-preview:large","max-video-preview":"max-video-preview:-1"},"canonical":"https:\/\/aboutcom.com.br\/pt\/em-quais-redes-sociais-sua-empresa-tem-que-estar\/","og_locale":"pt_BR","og_type":"article","og_title":"[:pt]Em quais redes sociais sua empresa tem que estar?[:] - aboutCOM","og_description":"N\u00e3o \u00e9 preciso estar em todas as redes sociais e, sim, naquela que atenda o objetivo da empresa - melhor estar apenas em uma, do que em v\u00e1rias sem contar com uma estrat\u00e9gia consolidada","og_url":"https:\/\/aboutcom.com.br\/pt\/em-quais-redes-sociais-sua-empresa-tem-que-estar\/","og_site_name":"aboutCOM","article_published_time":"2016-08-09T10:16:52+00:00","article_modified_time":"2025-08-01T13:38:29+00:00","og_image":[{"width":300,"height":225,"url":"https:\/\/aboutcom.com.br\/wp-content\/uploads\/2020\/04\/Post_77.jpg","type":"image\/jpeg"}],"author":"Flavia Sobral","twitter_card":"summary_large_image","twitter_misc":{"Escrito por":"Flavia Sobral","Est. tempo de leitura":"2 minutos"},"schema":{"@context":"https:\/\/schema.org","@graph":[{"@type":"Article","@id":"https:\/\/aboutcom.com.br\/pt\/em-quais-redes-sociais-sua-empresa-tem-que-estar\/#article","isPartOf":{"@id":"https:\/\/aboutcom.com.br\/pt\/em-quais-redes-sociais-sua-empresa-tem-que-estar\/"},"author":{"name":"Flavia Sobral","@id":"https:\/\/aboutcom.com.br\/pt\/#\/schema\/person\/eda43d487a8de94df327ff97ce94ab2b"},"headline":"Em quais redes sociais sua empresa tem que estar?","datePublished":"2016-08-09T10:16:52+00:00","dateModified":"2025-08-01T13:38:29+00:00","mainEntityOfPage":{"@id":"https:\/\/aboutcom.com.br\/pt\/em-quais-redes-sociais-sua-empresa-tem-que-estar\/"},"wordCount":499,"commentCount":0,"publisher":{"@id":"https:\/\/aboutcom.com.br\/pt\/#organization"},"image":{"@id":"https:\/\/aboutcom.com.br\/pt\/em-quais-redes-sociais-sua-empresa-tem-que-estar\/#primaryimage"},"thumbnailUrl":"https:\/\/aboutcom.com.br\/wp-content\/uploads\/2020\/04\/Post_77.jpg","articleSection":["Conhecimento","Trend Tech PR"],"inLanguage":"pt-BR","potentialAction":[{"@type":"CommentAction","name":"Comment","target":["https:\/\/aboutcom.com.br\/pt\/em-quais-redes-sociais-sua-empresa-tem-que-estar\/#respond"]}]},{"@type":"WebPage","@id":"https:\/\/aboutcom.com.br\/pt\/em-quais-redes-sociais-sua-empresa-tem-que-estar\/","url":"https:\/\/aboutcom.com.br\/pt\/em-quais-redes-sociais-sua-empresa-tem-que-estar\/","name":"Em quais redes sociais sua empresa tem que estar?","isPartOf":{"@id":"https:\/\/aboutcom.com.br\/pt\/#website"},"primaryImageOfPage":{"@id":"https:\/\/aboutcom.com.br\/pt\/em-quais-redes-sociais-sua-empresa-tem-que-estar\/#primaryimage"},"image":{"@id":"https:\/\/aboutcom.com.br\/pt\/em-quais-redes-sociais-sua-empresa-tem-que-estar\/#primaryimage"},"thumbnailUrl":"https:\/\/aboutcom.com.br\/wp-content\/uploads\/2020\/04\/Post_77.jpg","datePublished":"2016-08-09T10:16:52+00:00","dateModified":"2025-08-01T13:38:29+00:00","description":"N\u00e3o \u00e9 preciso estar em todas as redes sociais e, sim, naquela que atenda o objetivo da empresa - melhor estar apenas em uma, do que em v\u00e1rias sem contar com uma estrat\u00e9gia consolidada","breadcrumb":{"@id":"https:\/\/aboutcom.com.br\/pt\/em-quais-redes-sociais-sua-empresa-tem-que-estar\/#breadcrumb"},"inLanguage":"pt-BR","potentialAction":[{"@type":"ReadAction","target":["https:\/\/aboutcom.com.br\/pt\/em-quais-redes-sociais-sua-empresa-tem-que-estar\/"]}]},{"@type":"ImageObject","inLanguage":"pt-BR","@id":"https:\/\/aboutcom.com.br\/pt\/em-quais-redes-sociais-sua-empresa-tem-que-estar\/#primaryimage","url":"https:\/\/aboutcom.com.br\/wp-content\/uploads\/2020\/04\/Post_77.jpg","contentUrl":"https:\/\/aboutcom.com.br\/wp-content\/uploads\/2020\/04\/Post_77.jpg","width":300,"height":225},{"@type":"BreadcrumbList","@id":"https:\/\/aboutcom.com.br\/pt\/em-quais-redes-sociais-sua-empresa-tem-que-estar\/#breadcrumb","itemListElement":[{"@type":"ListItem","position":1,"name":"In\u00edcio","item":"https:\/\/aboutcom.com.br\/pt\/"},{"@type":"ListItem","position":2,"name":"Em quais redes sociais sua empresa tem que estar?"}]},{"@type":"WebSite","@id":"https:\/\/aboutcom.com.br\/pt\/#website","url":"https:\/\/aboutcom.com.br\/pt\/","name":"aboutCOM","description":"Especialistas em Comunica\u00e7\u00e3o","publisher":{"@id":"https:\/\/aboutcom.com.br\/pt\/#organization"},"potentialAction":[{"@type":"SearchAction","target":{"@type":"EntryPoint","urlTemplate":"https:\/\/aboutcom.com.br\/pt\/?s={search_term_string}"},"query-input":{"@type":"PropertyValueSpecification","valueRequired":true,"valueName":"search_term_string"}}],"inLanguage":"pt-BR"},{"@type":"Organization","@id":"https:\/\/aboutcom.com.br\/pt\/#organization","name":"aboutCOM","url":"https:\/\/aboutcom.com.br\/pt\/","logo":{"@type":"ImageObject","inLanguage":"pt-BR","@id":"https:\/\/aboutcom.com.br\/pt\/#\/schema\/logo\/image\/","url":"https:\/\/aboutcom.com.br\/wp-content\/uploads\/2025\/08\/aboutCOM_LOGO-10-scaled.png","contentUrl":"https:\/\/aboutcom.com.br\/wp-content\/uploads\/2025\/08\/aboutCOM_LOGO-10-scaled.png","width":2560,"height":786,"caption":"aboutCOM"},"image":{"@id":"https:\/\/aboutcom.com.br\/pt\/#\/schema\/logo\/image\/"}},{"@type":"Person","@id":"https:\/\/aboutcom.com.br\/pt\/#\/schema\/person\/eda43d487a8de94df327ff97ce94ab2b","name":"Flavia Sobral","image":{"@type":"ImageObject","inLanguage":"pt-BR","@id":"https:\/\/secure.gravatar.com\/avatar\/3f638d2cc5920783745a25032110d52e087ee6d3339a5aa4b8df1bf799871967?s=96&d=mm&r=g","url":"https:\/\/secure.gravatar.com\/avatar\/3f638d2cc5920783745a25032110d52e087ee6d3339a5aa4b8df1bf799871967?s=96&d=mm&r=g","contentUrl":"https:\/\/secure.gravatar.com\/avatar\/3f638d2cc5920783745a25032110d52e087ee6d3339a5aa4b8df1bf799871967?s=96&d=mm&r=g","caption":"Flavia Sobral"},"url":"https:\/\/aboutcom.com.br\/pt\/author\/flavia\/"}]}},"_links":{"self":[{"href":"https:\/\/aboutcom.com.br\/pt\/wp-json\/wp\/v2\/posts\/479","targetHints":{"allow":["GET"]}}],"collection":[{"href":"https:\/\/aboutcom.com.br\/pt\/wp-json\/wp\/v2\/posts"}],"about":[{"href":"https:\/\/aboutcom.com.br\/pt\/wp-json\/wp\/v2\/types\/post"}],"author":[{"embeddable":true,"href":"https:\/\/aboutcom.com.br\/pt\/wp-json\/wp\/v2\/users\/2"}],"replies":[{"embeddable":true,"href":"https:\/\/aboutcom.com.br\/pt\/wp-json\/wp\/v2\/comments?post=479"}],"version-history":[{"count":4,"href":"https:\/\/aboutcom.com.br\/pt\/wp-json\/wp\/v2\/posts\/479\/revisions"}],"predecessor-version":[{"id":937,"href":"https:\/\/aboutcom.com.br\/pt\/wp-json\/wp\/v2\/posts\/479\/revisions\/937"}],"wp:featuredmedia":[{"embeddable":true,"href":"https:\/\/aboutcom.com.br\/pt\/wp-json\/wp\/v2\/media\/862"}],"wp:attachment":[{"href":"https:\/\/aboutcom.com.br\/pt\/wp-json\/wp\/v2\/media?parent=479"}],"wp:term":[{"taxonomy":"category","embeddable":true,"href":"https:\/\/aboutcom.com.br\/pt\/wp-json\/wp\/v2\/categories?post=479"},{"taxonomy":"post_tag","embeddable":true,"href":"https:\/\/aboutcom.com.br\/pt\/wp-json\/wp\/v2\/tags?post=479"}],"curies":[{"name":"wp","href":"https:\/\/api.w.org\/{rel}","templated":true}]}}