{"id":673,"date":"2018-12-10T11:18:19","date_gmt":"2018-12-10T11:18:19","guid":{"rendered":"http:\/\/aboutcom.com.br\/\/pt\/?p=673"},"modified":"2025-08-01T13:09:20","modified_gmt":"2025-08-01T13:09:20","slug":"3-vantagens-em-contratar-uma-agencia-de-comunicacao-especializada-em-tecnologia","status":"publish","type":"post","link":"https:\/\/aboutcom.com.br\/pt\/3-vantagens-em-contratar-uma-agencia-de-comunicacao-especializada-em-tecnologia\/","title":{"rendered":"3 vantagens em contratar uma ag\u00eancia de comunica\u00e7\u00e3o especializada em tecnologia"},"content":{"rendered":"<p><i><span style=\"font-weight: 400;\">Editorial aboutCOM<\/span><\/i><\/p>\n<p><i><span style=\"font-weight: 400;\">Uma equipe focada no neg\u00f3cio pode ser o diferencial na hora de tra\u00e7ar estrat\u00e9gias mais s\u00f3lidas e conectadas.<\/span><\/i><!--more--><\/p>\n<p><span style=\"font-weight: 400;\">Se voc\u00ea \u00e9 um profissional de comunica\u00e7\u00e3o ou marketing, j\u00e1 deve ter se decepcionado ao ver que a m\u00eddia de tecnologia nem sempre encara seus assuntos como not\u00edcia. Para ter uma boa cobertura de imprensa \u00e9 preciso ir al\u00e9m de falar de atualiza\u00e7\u00f5es de produto e buscar inova\u00e7\u00f5es que realmente tenham impacto na vida das pessoas ou organiza\u00e7\u00f5es. Nesse contexto, contratar uma ag\u00eancia especializada, que entenda a melhor estrat\u00e9gia, conte\u00fado e possua relacionamentos relevantes \u00e9 primordial.<\/span><\/p>\n<p><span style=\"font-weight: 400;\">Para comprovar isso, basta dar uma olhada em portais, como o<\/span><a href=\"https:\/\/computerworld.com.br\/\"> <span style=\"font-weight: 400;\">ComputerWorld<\/span><\/a><span style=\"font-weight: 400;\"> e<\/span><a href=\"http:\/\/www.tiinside.com.br\/\"> <span style=\"font-weight: 400;\">TI Inside<\/span><\/a><span style=\"font-weight: 400;\">. T\u00edtulos como estes est\u00e3o olhando para os desafios e tend\u00eancias que afetam os departamentos de TI das empresas e como eles respondem a este cen\u00e1rio. \u00c9 preciso pensar em como os acontecimentos nas empresas navegam nesse novo cen\u00e1rio midi\u00e1tico.<\/span><\/p>\n<p><span style=\"font-weight: 400;\">Diante disso, \u00e9 importante considerar trabalhar com uma ag\u00eancia que, al\u00e9m de entender comunica\u00e7\u00e3o como um todo, esteja imersa no setor de tecnologia. Desse modo, sua equipe poder\u00e1 conversar de igual para igual com um jornalista ou um especialista em TI, ou at\u00e9 mesmo um leigo que precise entender o impacto de uma inova\u00e7\u00e3o na sua \u00e1rea<\/span><\/p>\n<p><span style=\"font-weight: 400;\">Aqui est\u00e3o 3 coisas que devem ser consideradas no momento da contrata\u00e7\u00e3o de uma ag\u00eancia:<\/span><\/p>\n<h2><b>Estrat\u00e9gia de comunica\u00e7\u00e3o feita por quem (tamb\u00e9m) entende de tecnologia<\/b><\/h2>\n<p><span style=\"font-weight: 400;\">Entender de estrat\u00e9gia, quando falamos de empresas de tecnologia, deve ir al\u00e9m de comunica\u00e7\u00e3o. Saber os termos e os produtos do cliente, viver esse universo e compreender em que momento a imprensa enxerga o setor \u00e9 fundamental. S\u00f3 assim \u00e9 poss\u00edvel buscar oportunidades para amplificar o assunto em todos os pontos de contato com o cliente.<\/span><\/p>\n<p><span style=\"font-weight: 400;\">Quando a empresa, por exemplo, trabalha um produto com exclusividade com um cliente e est\u00e1 disposto a torna-lo um case, isso gera um fato relevante para o mercado, abrindo espa\u00e7o para que aconte\u00e7am entrevistas para a imprensa; v\u00eddeos para o blog ou canais sociais; material de vendas, entre outros. Essa estrat\u00e9gia pode funcionar muito bem quando a ag\u00eancia consegue identificar a forma e a linguagem adequada para transmitir tais informa\u00e7\u00f5es em cada frente de comunica\u00e7\u00e3o.<\/span><\/p>\n<p><span style=\"font-weight: 400;\">Indo al\u00e9m de produto, quando se tem a compreens\u00e3o do neg\u00f3cio e da estrat\u00e9gia da empresa, \u00e9 poss\u00edvel trabalhar diferentes frentes, reunindo dados relacionados ao mercado , gest\u00e3o de pessoas e inova\u00e7\u00e3o. \u00c9 um modo de mostrar os diferenciais que existem nela diante de assuntos que fazem parte do universo corporativo, para al\u00e9m da tecnologia em si. \u00c9 destacar seus potenciais desafios e como a empresa os aborda, criando \u00e2ngulos diferentes para diferentes canais e p\u00fablicos.<\/span><\/p>\n<p><span style=\"font-weight: 400;\">Em junho, o time de comunica\u00e7\u00e3o da Hitachi deu um passo importante e trabalhou diretamente conectado ao departamento de vendas e, a partir de uma<\/span><a href=\"http:\/\/aboutcom.com.br\/hitachi-vantara-gera-leads-de-negocios-com-o-servico-de-monitoramento-de-midia-inteligente-da-aboutcom\/\"> <span style=\"font-weight: 400;\">ferramenta de monitoramento inteligente de not\u00edcia<\/span><\/a><span style=\"font-weight: 400;\">, passou a alimentar leads de neg\u00f3cio. Isso tudo, e muito mais, pode funcionar. Para tal, \u00e9 importante que as pessoas que pensam a estrat\u00e9gia de comunica\u00e7\u00e3o estejam totalmente inseridas no universo de tecnologia tamb\u00e9m, e entendam as necessidades de quem as vende e quem as compra<\/span><\/p>\n<h2><b>Conte\u00fado especializado escrito por quem (tamb\u00e9m) entende o que \u00e9 not\u00edcia<\/b><\/h2>\n<p><span style=\"font-weight: 400;\">Diante de uma estrat\u00e9gia abrangente como a que foi apresentada aqui, \u00e9 importante que a ag\u00eancia sempre se certifique que esgotou-se de todos poss\u00edveis \u00e2ngulos que um assunto pode render. \u00c9 importante\u00a0 dedicar tempo produzindo materiais que conversem com todos os p\u00fablicos, principalmente jornalistas.<\/span><\/p>\n<p><span style=\"font-weight: 400;\">Ela deve sempre considerar: h\u00e1 algo de peculiar sobre a origem daquela ideia ou tema? Est\u00e1 usando a tecnologia antiga de uma maneira nova? Est\u00e1 mirando um nicho emergente? H\u00e1 uma imagem forte ou um \u00e2ngulo visual que possa atrair a aten\u00e7\u00e3o da m\u00eddia ou de outros p\u00fablicos nos demais canais?<\/span><\/p>\n<p><span style=\"font-weight: 400;\">Falando em escrever, n\u00e3o esque\u00e7a de garantir uma boa cobertura do assunto, assim como busca na imprensa, em seu blog corporativo e, se poss\u00edvel, de seus parceiros e clientes.<\/span><\/p>\n<h2><b>Relacionamento com a imprensa baseado em dois pilares: jornalismo e tecnologia<\/b><\/h2>\n<p><span style=\"font-weight: 400;\">A proximidade da ag\u00eancia com a imprensa \u00e9 algo primordial para o sucesso de divulga\u00e7\u00f5es. Em um campo t\u00e3o profissional, \u00e9 importante ressaltar que n\u00e3o \u00e9 de amizade que empresas especializadas em comunica\u00e7\u00e3o de tecnologia vivem. Elas precisam, e muito, executar perfeitamente os pontos abordados anteriormente para ganharem o respeito dos jornalistas e posicionarem-se como fontes de informa\u00e7\u00e3o realmente relevante. Isso porque, o conjunto faz com que a negocia\u00e7\u00e3o de pautas leve ao resultado esperado. Avaliar se os fornecedores que considera para cuidar da comunica\u00e7\u00e3o da sua empresa atuam dessa forma pode apoi\u00e1-lo na sua decis\u00e3o.<\/span><\/p>\n<p><span style=\"font-weight: 400;\">Para melhor aproveitar essas entregas, \u00e9 interessante tamb\u00e9m ler sobre o papel da interface nesse contexto.<\/span><a href=\"http:\/\/aboutcom.com.br\/o-que-a-interface-em-comunicacao-para-tecnologia-precisa-saber-sobre-midia-especializada\/\"> <span style=\"font-weight: 400;\">Aqui<\/span><\/a><span style=\"font-weight: 400;\"> nesse blog, abordamos o assunto tamb\u00e9m.<\/span><\/p>\n","protected":false},"excerpt":{"rendered":"<p>Conhe\u00e7a as vantagens de uma ag\u00eancia de comunica\u00e7\u00e3o especializada em tecnologia, transpor o conte\u00fado tecnol\u00f3gico para a imprensa exige expertise nas duas \u00e1reas<\/p>\n","protected":false},"author":2,"featured_media":674,"comment_status":"open","ping_status":"open","sticky":false,"template":"","format":"standard","meta":{"_acf_changed":false,"inline_featured_image":false,"footnotes":""},"categories":[220,222],"tags":[],"class_list":["post-673","post","type-post","status-publish","format-standard","has-post-thumbnail","hentry","category-conhecimento","category-t2h-conhecimento"],"blocksy_meta":[],"acf":[],"yoast_head":"<!-- This site is optimized with the Yoast SEO plugin v27.5 - https:\/\/yoast.com\/product\/yoast-seo-wordpress\/ -->\n<title>3 vantagens em contratar uma ag\u00eancia de comunica\u00e7\u00e3o especializada em tecnologia<\/title>\n<meta name=\"description\" content=\"Editorial aboutCOMUma equipe focada no neg\u00f3cio pode ser o diferencial na hora de tra\u00e7ar estrat\u00e9gias mais s\u00f3lidas e conectadas.\" \/>\n<meta name=\"robots\" content=\"index, follow, max-snippet:-1, max-image-preview:large, max-video-preview:-1\" \/>\n<link rel=\"canonical\" href=\"https:\/\/aboutcom.com.br\/pt\/3-vantagens-em-contratar-uma-agencia-de-comunicacao-especializada-em-tecnologia\/\" \/>\n<meta property=\"og:locale\" content=\"pt_BR\" \/>\n<meta property=\"og:locale:alternate\" content=\"en_US\" \/>\n<meta property=\"og:locale:alternate\" content=\"es_ES\" \/>\n<meta property=\"og:type\" content=\"article\" \/>\n<meta property=\"og:title\" content=\"3 vantagens em contratar uma ag\u00eancia de comunica\u00e7\u00e3o especializada em tecnologia\" \/>\n<meta property=\"og:description\" content=\"Editorial aboutCOMUma equipe focada no neg\u00f3cio pode ser o diferencial na hora de tra\u00e7ar estrat\u00e9gias mais s\u00f3lidas e conectadas.\" \/>\n<meta property=\"og:url\" content=\"https:\/\/aboutcom.com.br\/pt\/3-vantagens-em-contratar-uma-agencia-de-comunicacao-especializada-em-tecnologia\/\" \/>\n<meta property=\"og:site_name\" content=\"aboutCOM\" \/>\n<meta property=\"article:published_time\" content=\"2018-12-10T11:18:19+00:00\" \/>\n<meta property=\"article:modified_time\" content=\"2025-08-01T13:09:20+00:00\" \/>\n<meta property=\"og:image\" content=\"https:\/\/aboutcom.com.br\/wp-content\/uploads\/2020\/04\/16Post.jpeg\" \/>\n\t<meta property=\"og:image:width\" content=\"700\" \/>\n\t<meta property=\"og:image:height\" content=\"458\" \/>\n\t<meta property=\"og:image:type\" content=\"image\/jpeg\" \/>\n<meta name=\"author\" content=\"Flavia Sobral\" \/>\n<meta name=\"twitter:card\" content=\"summary_large_image\" \/>\n<meta name=\"twitter:label1\" content=\"Escrito por\" \/>\n\t<meta name=\"twitter:data1\" content=\"Flavia Sobral\" \/>\n\t<meta name=\"twitter:label2\" content=\"Est. tempo de leitura\" \/>\n\t<meta name=\"twitter:data2\" content=\"13 minutos\" \/>\n<script type=\"application\/ld+json\" class=\"yoast-schema-graph\">{\"@context\":\"https:\\\/\\\/schema.org\",\"@graph\":[{\"@type\":\"Article\",\"@id\":\"https:\\\/\\\/aboutcom.com.br\\\/pt\\\/3-vantagens-em-contratar-uma-agencia-de-comunicacao-especializada-em-tecnologia\\\/#article\",\"isPartOf\":{\"@id\":\"https:\\\/\\\/aboutcom.com.br\\\/pt\\\/3-vantagens-em-contratar-uma-agencia-de-comunicacao-especializada-em-tecnologia\\\/\"},\"author\":{\"name\":\"Flavia Sobral\",\"@id\":\"https:\\\/\\\/aboutcom.com.br\\\/pt\\\/#\\\/schema\\\/person\\\/eda43d487a8de94df327ff97ce94ab2b\"},\"headline\":\"3 vantagens em contratar uma ag\u00eancia de comunica\u00e7\u00e3o especializada em tecnologia\",\"datePublished\":\"2018-12-10T11:18:19+00:00\",\"dateModified\":\"2025-08-01T13:09:20+00:00\",\"mainEntityOfPage\":{\"@id\":\"https:\\\/\\\/aboutcom.com.br\\\/pt\\\/3-vantagens-em-contratar-uma-agencia-de-comunicacao-especializada-em-tecnologia\\\/\"},\"wordCount\":2568,\"commentCount\":0,\"publisher\":{\"@id\":\"https:\\\/\\\/aboutcom.com.br\\\/pt\\\/#organization\"},\"image\":{\"@id\":\"https:\\\/\\\/aboutcom.com.br\\\/pt\\\/3-vantagens-em-contratar-uma-agencia-de-comunicacao-especializada-em-tecnologia\\\/#primaryimage\"},\"thumbnailUrl\":\"https:\\\/\\\/aboutcom.com.br\\\/wp-content\\\/uploads\\\/2020\\\/04\\\/16Post.jpeg\",\"articleSection\":[\"Conhecimento\",\"T2H\"],\"inLanguage\":\"pt-BR\",\"potentialAction\":[{\"@type\":\"CommentAction\",\"name\":\"Comment\",\"target\":[\"https:\\\/\\\/aboutcom.com.br\\\/pt\\\/3-vantagens-em-contratar-uma-agencia-de-comunicacao-especializada-em-tecnologia\\\/#respond\"]}]},{\"@type\":\"WebPage\",\"@id\":\"https:\\\/\\\/aboutcom.com.br\\\/pt\\\/3-vantagens-em-contratar-uma-agencia-de-comunicacao-especializada-em-tecnologia\\\/\",\"url\":\"https:\\\/\\\/aboutcom.com.br\\\/pt\\\/3-vantagens-em-contratar-uma-agencia-de-comunicacao-especializada-em-tecnologia\\\/\",\"name\":\"3 vantagens em contratar uma ag\u00eancia de comunica\u00e7\u00e3o especializada em tecnologia\",\"isPartOf\":{\"@id\":\"https:\\\/\\\/aboutcom.com.br\\\/pt\\\/#website\"},\"primaryImageOfPage\":{\"@id\":\"https:\\\/\\\/aboutcom.com.br\\\/pt\\\/3-vantagens-em-contratar-uma-agencia-de-comunicacao-especializada-em-tecnologia\\\/#primaryimage\"},\"image\":{\"@id\":\"https:\\\/\\\/aboutcom.com.br\\\/pt\\\/3-vantagens-em-contratar-uma-agencia-de-comunicacao-especializada-em-tecnologia\\\/#primaryimage\"},\"thumbnailUrl\":\"https:\\\/\\\/aboutcom.com.br\\\/wp-content\\\/uploads\\\/2020\\\/04\\\/16Post.jpeg\",\"datePublished\":\"2018-12-10T11:18:19+00:00\",\"dateModified\":\"2025-08-01T13:09:20+00:00\",\"description\":\"Editorial aboutCOMUma equipe focada no neg\u00f3cio pode ser o diferencial na hora de tra\u00e7ar estrat\u00e9gias mais s\u00f3lidas e conectadas.\",\"breadcrumb\":{\"@id\":\"https:\\\/\\\/aboutcom.com.br\\\/pt\\\/3-vantagens-em-contratar-uma-agencia-de-comunicacao-especializada-em-tecnologia\\\/#breadcrumb\"},\"inLanguage\":\"pt-BR\",\"potentialAction\":[{\"@type\":\"ReadAction\",\"target\":[\"https:\\\/\\\/aboutcom.com.br\\\/pt\\\/3-vantagens-em-contratar-uma-agencia-de-comunicacao-especializada-em-tecnologia\\\/\"]}]},{\"@type\":\"ImageObject\",\"inLanguage\":\"pt-BR\",\"@id\":\"https:\\\/\\\/aboutcom.com.br\\\/pt\\\/3-vantagens-em-contratar-uma-agencia-de-comunicacao-especializada-em-tecnologia\\\/#primaryimage\",\"url\":\"https:\\\/\\\/aboutcom.com.br\\\/wp-content\\\/uploads\\\/2020\\\/04\\\/16Post.jpeg\",\"contentUrl\":\"https:\\\/\\\/aboutcom.com.br\\\/wp-content\\\/uploads\\\/2020\\\/04\\\/16Post.jpeg\",\"width\":700,\"height\":458},{\"@type\":\"BreadcrumbList\",\"@id\":\"https:\\\/\\\/aboutcom.com.br\\\/pt\\\/3-vantagens-em-contratar-uma-agencia-de-comunicacao-especializada-em-tecnologia\\\/#breadcrumb\",\"itemListElement\":[{\"@type\":\"ListItem\",\"position\":1,\"name\":\"In\u00edcio\",\"item\":\"https:\\\/\\\/aboutcom.com.br\\\/pt\\\/\"},{\"@type\":\"ListItem\",\"position\":2,\"name\":\"3 vantagens em contratar uma ag\u00eancia de comunica\u00e7\u00e3o especializada em tecnologia\"}]},{\"@type\":\"WebSite\",\"@id\":\"https:\\\/\\\/aboutcom.com.br\\\/pt\\\/#website\",\"url\":\"https:\\\/\\\/aboutcom.com.br\\\/pt\\\/\",\"name\":\"aboutCOM\",\"description\":\"Especialistas em Comunica\u00e7\u00e3o\",\"publisher\":{\"@id\":\"https:\\\/\\\/aboutcom.com.br\\\/pt\\\/#organization\"},\"potentialAction\":[{\"@type\":\"SearchAction\",\"target\":{\"@type\":\"EntryPoint\",\"urlTemplate\":\"https:\\\/\\\/aboutcom.com.br\\\/pt\\\/?s={search_term_string}\"},\"query-input\":{\"@type\":\"PropertyValueSpecification\",\"valueRequired\":true,\"valueName\":\"search_term_string\"}}],\"inLanguage\":\"pt-BR\"},{\"@type\":\"Organization\",\"@id\":\"https:\\\/\\\/aboutcom.com.br\\\/pt\\\/#organization\",\"name\":\"aboutCOM\",\"url\":\"https:\\\/\\\/aboutcom.com.br\\\/pt\\\/\",\"logo\":{\"@type\":\"ImageObject\",\"inLanguage\":\"pt-BR\",\"@id\":\"https:\\\/\\\/aboutcom.com.br\\\/pt\\\/#\\\/schema\\\/logo\\\/image\\\/\",\"url\":\"https:\\\/\\\/aboutcom.com.br\\\/wp-content\\\/uploads\\\/2025\\\/08\\\/aboutCOM_LOGO-10-scaled.png\",\"contentUrl\":\"https:\\\/\\\/aboutcom.com.br\\\/wp-content\\\/uploads\\\/2025\\\/08\\\/aboutCOM_LOGO-10-scaled.png\",\"width\":2560,\"height\":786,\"caption\":\"aboutCOM\"},\"image\":{\"@id\":\"https:\\\/\\\/aboutcom.com.br\\\/pt\\\/#\\\/schema\\\/logo\\\/image\\\/\"}},{\"@type\":\"Person\",\"@id\":\"https:\\\/\\\/aboutcom.com.br\\\/pt\\\/#\\\/schema\\\/person\\\/eda43d487a8de94df327ff97ce94ab2b\",\"name\":\"Flavia Sobral\",\"image\":{\"@type\":\"ImageObject\",\"inLanguage\":\"pt-BR\",\"@id\":\"https:\\\/\\\/secure.gravatar.com\\\/avatar\\\/3f638d2cc5920783745a25032110d52e087ee6d3339a5aa4b8df1bf799871967?s=96&d=mm&r=g\",\"url\":\"https:\\\/\\\/secure.gravatar.com\\\/avatar\\\/3f638d2cc5920783745a25032110d52e087ee6d3339a5aa4b8df1bf799871967?s=96&d=mm&r=g\",\"contentUrl\":\"https:\\\/\\\/secure.gravatar.com\\\/avatar\\\/3f638d2cc5920783745a25032110d52e087ee6d3339a5aa4b8df1bf799871967?s=96&d=mm&r=g\",\"caption\":\"Flavia Sobral\"},\"url\":\"https:\\\/\\\/aboutcom.com.br\\\/pt\\\/author\\\/flavia\\\/\"}]}<\/script>\n<!-- \/ Yoast SEO plugin. -->","yoast_head_json":{"title":"3 vantagens em contratar uma ag\u00eancia de comunica\u00e7\u00e3o especializada em tecnologia","description":"Editorial aboutCOMUma equipe focada no neg\u00f3cio pode ser o diferencial na hora de tra\u00e7ar estrat\u00e9gias mais s\u00f3lidas e conectadas.","robots":{"index":"index","follow":"follow","max-snippet":"max-snippet:-1","max-image-preview":"max-image-preview:large","max-video-preview":"max-video-preview:-1"},"canonical":"https:\/\/aboutcom.com.br\/pt\/3-vantagens-em-contratar-uma-agencia-de-comunicacao-especializada-em-tecnologia\/","og_locale":"pt_BR","og_type":"article","og_title":"[:pt]3 vantagens em contratar uma ag\u00eancia de comunica\u00e7\u00e3o especializada em tecnologia[:en]3 vantagens em contratar uma ag\u00eancia de comunica\u00e7\u00e3o especializada em tecnologia[:es]3 vantagens em contratar uma ag\u00eancia de comunica\u00e7\u00e3o especializada em tecnologia[:] - aboutCOM","og_description":"Editorial aboutCOMUma equipe focada no neg\u00f3cio pode ser o diferencial na hora de tra\u00e7ar estrat\u00e9gias mais s\u00f3lidas e conectadas.","og_url":"https:\/\/aboutcom.com.br\/pt\/3-vantagens-em-contratar-uma-agencia-de-comunicacao-especializada-em-tecnologia\/","og_site_name":"aboutCOM","article_published_time":"2018-12-10T11:18:19+00:00","article_modified_time":"2025-08-01T13:09:20+00:00","og_image":[{"width":700,"height":458,"url":"https:\/\/aboutcom.com.br\/wp-content\/uploads\/2020\/04\/16Post.jpeg","type":"image\/jpeg"}],"author":"Flavia Sobral","twitter_card":"summary_large_image","twitter_misc":{"Escrito por":"Flavia Sobral","Est. tempo de leitura":"13 minutos"},"schema":{"@context":"https:\/\/schema.org","@graph":[{"@type":"Article","@id":"https:\/\/aboutcom.com.br\/pt\/3-vantagens-em-contratar-uma-agencia-de-comunicacao-especializada-em-tecnologia\/#article","isPartOf":{"@id":"https:\/\/aboutcom.com.br\/pt\/3-vantagens-em-contratar-uma-agencia-de-comunicacao-especializada-em-tecnologia\/"},"author":{"name":"Flavia Sobral","@id":"https:\/\/aboutcom.com.br\/pt\/#\/schema\/person\/eda43d487a8de94df327ff97ce94ab2b"},"headline":"3 vantagens em contratar uma ag\u00eancia de comunica\u00e7\u00e3o especializada em tecnologia","datePublished":"2018-12-10T11:18:19+00:00","dateModified":"2025-08-01T13:09:20+00:00","mainEntityOfPage":{"@id":"https:\/\/aboutcom.com.br\/pt\/3-vantagens-em-contratar-uma-agencia-de-comunicacao-especializada-em-tecnologia\/"},"wordCount":2568,"commentCount":0,"publisher":{"@id":"https:\/\/aboutcom.com.br\/pt\/#organization"},"image":{"@id":"https:\/\/aboutcom.com.br\/pt\/3-vantagens-em-contratar-uma-agencia-de-comunicacao-especializada-em-tecnologia\/#primaryimage"},"thumbnailUrl":"https:\/\/aboutcom.com.br\/wp-content\/uploads\/2020\/04\/16Post.jpeg","articleSection":["Conhecimento","T2H"],"inLanguage":"pt-BR","potentialAction":[{"@type":"CommentAction","name":"Comment","target":["https:\/\/aboutcom.com.br\/pt\/3-vantagens-em-contratar-uma-agencia-de-comunicacao-especializada-em-tecnologia\/#respond"]}]},{"@type":"WebPage","@id":"https:\/\/aboutcom.com.br\/pt\/3-vantagens-em-contratar-uma-agencia-de-comunicacao-especializada-em-tecnologia\/","url":"https:\/\/aboutcom.com.br\/pt\/3-vantagens-em-contratar-uma-agencia-de-comunicacao-especializada-em-tecnologia\/","name":"3 vantagens em contratar uma ag\u00eancia de comunica\u00e7\u00e3o especializada em tecnologia","isPartOf":{"@id":"https:\/\/aboutcom.com.br\/pt\/#website"},"primaryImageOfPage":{"@id":"https:\/\/aboutcom.com.br\/pt\/3-vantagens-em-contratar-uma-agencia-de-comunicacao-especializada-em-tecnologia\/#primaryimage"},"image":{"@id":"https:\/\/aboutcom.com.br\/pt\/3-vantagens-em-contratar-uma-agencia-de-comunicacao-especializada-em-tecnologia\/#primaryimage"},"thumbnailUrl":"https:\/\/aboutcom.com.br\/wp-content\/uploads\/2020\/04\/16Post.jpeg","datePublished":"2018-12-10T11:18:19+00:00","dateModified":"2025-08-01T13:09:20+00:00","description":"Editorial aboutCOMUma equipe focada no neg\u00f3cio pode ser o diferencial na hora de tra\u00e7ar estrat\u00e9gias mais s\u00f3lidas e conectadas.","breadcrumb":{"@id":"https:\/\/aboutcom.com.br\/pt\/3-vantagens-em-contratar-uma-agencia-de-comunicacao-especializada-em-tecnologia\/#breadcrumb"},"inLanguage":"pt-BR","potentialAction":[{"@type":"ReadAction","target":["https:\/\/aboutcom.com.br\/pt\/3-vantagens-em-contratar-uma-agencia-de-comunicacao-especializada-em-tecnologia\/"]}]},{"@type":"ImageObject","inLanguage":"pt-BR","@id":"https:\/\/aboutcom.com.br\/pt\/3-vantagens-em-contratar-uma-agencia-de-comunicacao-especializada-em-tecnologia\/#primaryimage","url":"https:\/\/aboutcom.com.br\/wp-content\/uploads\/2020\/04\/16Post.jpeg","contentUrl":"https:\/\/aboutcom.com.br\/wp-content\/uploads\/2020\/04\/16Post.jpeg","width":700,"height":458},{"@type":"BreadcrumbList","@id":"https:\/\/aboutcom.com.br\/pt\/3-vantagens-em-contratar-uma-agencia-de-comunicacao-especializada-em-tecnologia\/#breadcrumb","itemListElement":[{"@type":"ListItem","position":1,"name":"In\u00edcio","item":"https:\/\/aboutcom.com.br\/pt\/"},{"@type":"ListItem","position":2,"name":"3 vantagens em contratar uma ag\u00eancia de comunica\u00e7\u00e3o especializada em tecnologia"}]},{"@type":"WebSite","@id":"https:\/\/aboutcom.com.br\/pt\/#website","url":"https:\/\/aboutcom.com.br\/pt\/","name":"aboutCOM","description":"Especialistas em Comunica\u00e7\u00e3o","publisher":{"@id":"https:\/\/aboutcom.com.br\/pt\/#organization"},"potentialAction":[{"@type":"SearchAction","target":{"@type":"EntryPoint","urlTemplate":"https:\/\/aboutcom.com.br\/pt\/?s={search_term_string}"},"query-input":{"@type":"PropertyValueSpecification","valueRequired":true,"valueName":"search_term_string"}}],"inLanguage":"pt-BR"},{"@type":"Organization","@id":"https:\/\/aboutcom.com.br\/pt\/#organization","name":"aboutCOM","url":"https:\/\/aboutcom.com.br\/pt\/","logo":{"@type":"ImageObject","inLanguage":"pt-BR","@id":"https:\/\/aboutcom.com.br\/pt\/#\/schema\/logo\/image\/","url":"https:\/\/aboutcom.com.br\/wp-content\/uploads\/2025\/08\/aboutCOM_LOGO-10-scaled.png","contentUrl":"https:\/\/aboutcom.com.br\/wp-content\/uploads\/2025\/08\/aboutCOM_LOGO-10-scaled.png","width":2560,"height":786,"caption":"aboutCOM"},"image":{"@id":"https:\/\/aboutcom.com.br\/pt\/#\/schema\/logo\/image\/"}},{"@type":"Person","@id":"https:\/\/aboutcom.com.br\/pt\/#\/schema\/person\/eda43d487a8de94df327ff97ce94ab2b","name":"Flavia Sobral","image":{"@type":"ImageObject","inLanguage":"pt-BR","@id":"https:\/\/secure.gravatar.com\/avatar\/3f638d2cc5920783745a25032110d52e087ee6d3339a5aa4b8df1bf799871967?s=96&d=mm&r=g","url":"https:\/\/secure.gravatar.com\/avatar\/3f638d2cc5920783745a25032110d52e087ee6d3339a5aa4b8df1bf799871967?s=96&d=mm&r=g","contentUrl":"https:\/\/secure.gravatar.com\/avatar\/3f638d2cc5920783745a25032110d52e087ee6d3339a5aa4b8df1bf799871967?s=96&d=mm&r=g","caption":"Flavia Sobral"},"url":"https:\/\/aboutcom.com.br\/pt\/author\/flavia\/"}]}},"_links":{"self":[{"href":"https:\/\/aboutcom.com.br\/pt\/wp-json\/wp\/v2\/posts\/673","targetHints":{"allow":["GET"]}}],"collection":[{"href":"https:\/\/aboutcom.com.br\/pt\/wp-json\/wp\/v2\/posts"}],"about":[{"href":"https:\/\/aboutcom.com.br\/pt\/wp-json\/wp\/v2\/types\/post"}],"author":[{"embeddable":true,"href":"https:\/\/aboutcom.com.br\/pt\/wp-json\/wp\/v2\/users\/2"}],"replies":[{"embeddable":true,"href":"https:\/\/aboutcom.com.br\/pt\/wp-json\/wp\/v2\/comments?post=673"}],"version-history":[{"count":5,"href":"https:\/\/aboutcom.com.br\/pt\/wp-json\/wp\/v2\/posts\/673\/revisions"}],"predecessor-version":[{"id":1327,"href":"https:\/\/aboutcom.com.br\/pt\/wp-json\/wp\/v2\/posts\/673\/revisions\/1327"}],"wp:featuredmedia":[{"embeddable":true,"href":"https:\/\/aboutcom.com.br\/pt\/wp-json\/wp\/v2\/media\/674"}],"wp:attachment":[{"href":"https:\/\/aboutcom.com.br\/pt\/wp-json\/wp\/v2\/media?parent=673"}],"wp:term":[{"taxonomy":"category","embeddable":true,"href":"https:\/\/aboutcom.com.br\/pt\/wp-json\/wp\/v2\/categories?post=673"},{"taxonomy":"post_tag","embeddable":true,"href":"https:\/\/aboutcom.com.br\/pt\/wp-json\/wp\/v2\/tags?post=673"}],"curies":[{"name":"wp","href":"https:\/\/api.w.org\/{rel}","templated":true}]}}