{"id":881,"date":"2020-05-07T17:18:19","date_gmt":"2020-05-07T17:18:19","guid":{"rendered":"http:\/\/aboutcom.com.br\/\/pt\/?p=881"},"modified":"2025-08-01T13:04:51","modified_gmt":"2025-08-01T13:04:51","slug":"acenda-a-luz-dicas-para-comunicar-e-para-humanizar-a-gestao-da-crise","status":"publish","type":"post","link":"https:\/\/aboutcom.com.br\/pt\/acenda-a-luz-dicas-para-comunicar-e-para-humanizar-a-gestao-da-crise\/","title":{"rendered":"Acenda a luz: dicas para comunicar e para humanizar a gest\u00e3o da crise"},"content":{"rendered":"<p><span style=\"font-weight: 400;\">As crises costumam surgir sem qualquer aviso pr\u00e9vio. Quem est\u00e1 nos cargos de gest\u00e3o sabe que, ainda que existam indicativos para que sejam desenhadas algumas estrat\u00e9gias de conten\u00e7\u00e3o, \u00e9 dif\u00edcil estar totalmente preparado para reduzir os impactos de uma crise de imagem no setor de tecnologia.\u00a0<\/span><\/p>\n<p><span style=\"font-weight: 400;\">Seja internamente, com as equipes, ou externamente, com prospects, clientes e associados, para amenizar os efeitos, ser\u00e1 necess\u00e1rio tamb\u00e9m humanizar a gest\u00e3o da crise: tra\u00e7ar planejamentos e novos caminhos a partir das necessidades reais que est\u00e3o sendo colocadas pelas pessoas.<\/span><\/p>\n<p><span style=\"font-weight: 400;\">No caso de uma crise mundial gerada no \u00e2mbito da sa\u00fade e refletida em todos os setores, as inseguran\u00e7as desencadeadas pedem por novos posicionamentos dos neg\u00f3cios e das economias ao redor do mundo: demandam uma centralidade na vida humana.\u00a0<\/span><\/p>\n<p><span style=\"font-weight: 400;\">Por isso, \u00e9 necess\u00e1rio <\/span><a href=\"http:\/\/aboutcom.com.br\/qual-imagem-empresa-tem-na-internet\/\"><span style=\"font-weight: 400;\">continuar a ser fonte de credibilidade<\/span><\/a><span style=\"font-weight: 400;\"> e a ressaltar a humanidade presente nos neg\u00f3cios! Mas como fazer isso no setor de tecnologia? Como aplicar o conceito \u201cTech to Human\u201d (T2H) neste contexto? Confira algumas dicas neste post!<\/span><\/p>\n<h1><span style=\"font-weight: 400;\">\u00c9 hora de refor\u00e7ar os valores!<\/span><\/h1>\n<p><a href=\"http:\/\/aboutcom.com.br\/o-networking-nao-pode-parar-e-as-vendas-tambem-nao\/\"><span style=\"font-weight: 400;\">Nos neg\u00f3cios, o momento n\u00e3o \u00e9 de paralisia.<\/span><\/a><span style=\"font-weight: 400;\"> Na verdade, \u00e9 neste momento de crise em que os valores de um neg\u00f3cio devem sobressair.\u00a0<\/span><\/p>\n<p><span style=\"font-weight: 400;\">Se eles est\u00e3o em descompasso com as pr\u00e1ticas empresariais, que eles sejam retomados e aplicados nas a\u00e7\u00f5es das empresas. E, se ainda n\u00e3o observaram a mudan\u00e7a das rela\u00e7\u00f5es comerciais e a necessidade de valorizar as pessoas, as empresas <\/span><a href=\"https:\/\/www.meioemensagem.com.br\/home\/opiniao\/2020\/04\/22\/e-hora-de-repensarmos-as-marcas-e-propositos.html\"><span style=\"font-weight: 400;\">s\u00e3o convidadas a repensarem suas pr\u00e1ticas<\/span><\/a><span style=\"font-weight: 400;\"> e seus valores.<\/span><\/p>\n<p><span style=\"font-weight: 400;\">Por isso, a pergunta \u201ccomo eu gostaria de ser acolhido neste momento de inseguran\u00e7a?\u201d \u00e9 um bom come\u00e7o para guiar as a\u00e7\u00f5es empresariais e humanizar a crise. \u00c9 uma frase de empatia que permite apontar um caminho de escuta, sensibilidade e estabilidade.<\/span><\/p>\n<h2><span style=\"font-weight: 400;\">Comunicar e humanizar a gest\u00e3o da crise<\/span><\/h2>\n<p><span style=\"font-weight: 400;\">Pensando nesta frase como norte, \u00e9 poss\u00edvel entender a comunica\u00e7\u00e3o neste momento como a \u00e1rea essencial para promover grande parte do cuidado com os seres humanos.\u00a0<\/span><\/p>\n<p><span style=\"font-weight: 400;\">Fa\u00e7a um exerc\u00edcio: imagine voc\u00ea num ambiente desconhecido e sem qualquer ilumina\u00e7\u00e3o, ru\u00eddos ou cheiros. Como seria caminhar totalmente\u00a0 \u00e0s cegas e topar com diferentes objetos e pessoas? Al\u00e9m dos sentimentos de medo e ang\u00fastia sobre o imprevis\u00edvel, voc\u00ea pode se ferir e ferir aos outros.\u00a0<\/span><\/p>\n<p><span style=\"font-weight: 400;\">A comunica\u00e7\u00e3o estrat\u00e9gica e humana serve como uma luz neste caminho. Apesar de voc\u00ea n\u00e3o conhecer aquele cen\u00e1rio, \u00e9 poss\u00edvel enxerg\u00e1-lo e se movimentar por ele com os devidos cuidados consigo e com as demais pessoas.\u00a0<\/span><\/p>\n<p><span style=\"font-weight: 400;\">Ou seja, a partir de uma gest\u00e3o humanizada da crise, a <\/span><a href=\"http:\/\/aboutcom.com.br\/como-construir-uma-comunicacao-estrategica-e-humana-no-b2b\/\"><span style=\"font-weight: 400;\">comunica\u00e7\u00e3o estrat\u00e9gica e humana<\/span><\/a><span style=\"font-weight: 400;\"> entra como um pilar que garante clareza, orienta\u00e7\u00e3o, informa\u00e7\u00e3o cient\u00edfica e bem apurada, que geram al\u00edvio e bem-estar para os seus distintos p\u00fablicos.<\/span><\/p>\n<h3><span style=\"font-weight: 400;\">Planejamento e orienta\u00e7\u00e3o: mantenha a luz acesa<\/span><\/h3>\n<p><span style=\"font-weight: 400;\">Com este pilar sustentando suas a\u00e7\u00f5es durante a crise, \u00e9 poss\u00edvel <\/span><a href=\"http:\/\/aboutcom.com.br\/estrategias-planos-e-ferramentas-a-comunicacao-se-constroi-em-etapas\/\"><span style=\"font-weight: 400;\">tra\u00e7ar um plano de a\u00e7\u00e3o em comunica\u00e7\u00e3o<\/span><\/a><span style=\"font-weight: 400;\"> e reorientar as pr\u00e1ticas da empresa para superar o momento de forma assertiva e produtiva.<\/span><\/p>\n<p><span style=\"font-weight: 400;\">Para dar continuidade aos neg\u00f3cios, estabele\u00e7a uma comunica\u00e7\u00e3o interna em que as lideran\u00e7as possam guiar seus colaboradores por um caminho seguro, ainda que de forma remota.\u00a0<\/span><\/p>\n<p><span style=\"font-weight: 400;\">Promova canais de escuta e implemente solu\u00e7\u00f5es para as dificuldades que se apresentem neste novo cen\u00e1rio.\u00a0<\/span><\/p>\n<p><span style=\"font-weight: 400;\">\u00c9 importante ainda tra\u00e7ar mecanismos para promover informa\u00e7\u00f5es peri\u00f3dicas, atualizadas e pertinentes para os diferentes grupos e setores, tanto sobre o contexto social, quanto sobre os pr\u00f3ximos passos da empresa. E o <\/span><a href=\"http:\/\/aboutcom.com.br\/entenda-a-importancia-de-executivos-atuarem-como-porta-vozes-no-mundo-tech\/\"><span style=\"font-weight: 400;\">posicionamento executivo pode ser essencial<\/span><\/a><span style=\"font-weight: 400;\"> para esta estrat\u00e9gia.<\/span><\/p>\n<h4><span style=\"font-weight: 400;\">Lembre-se: n\u00e3o existe tecnologia sem humanos<\/span><\/h4>\n<p><span style=\"font-weight: 400;\">Num contexto em que a valoriza\u00e7\u00e3o da vida humana se sobressai, em que as pessoas est\u00e3o ainda mais preocupadas com o coletivo e tra\u00e7ando a\u00e7\u00f5es de solidariedade para solucionar dificuldades imediatas, o setor de tecnologia n\u00e3o pode estar \u201cdesconectado\u201d ou descompassado.<\/span><\/p>\n<p><span style=\"font-weight: 400;\">E, dar continuidade aos neg\u00f3cios considerando estas premissas \u00e9 a outra ponta da gest\u00e3o da crise para as empresas tech.\u00a0<\/span><\/p>\n<p><span style=\"font-weight: 400;\">Como costumamos falar aqui na aboutCOM, o <\/span><a href=\"http:\/\/aboutcom.com.br\/tecnologia-conexao-humano\/\"><span style=\"font-weight: 400;\">discurso humanizado<\/span><\/a><span style=\"font-weight: 400;\"> j\u00e1 n\u00e3o \u00e9 mais uma simples op\u00e7\u00e3o para as estrat\u00e9gias de comunica\u00e7\u00e3o dos neg\u00f3cios em tecnologia.\u00a0<\/span><\/p>\n<p><span style=\"font-weight: 400;\">O <\/span><a href=\"http:\/\/aboutcom.com.br\/por-que-empresas-de-tecnologia-devem-considerar-um-discurso-humanizado\/\"><span style=\"font-weight: 400;\">lado humano de cada inova\u00e7\u00e3o<\/span><\/a><span style=\"font-weight: 400;\"> deve estar aparente, pois, s\u00e3o os humanos que as elaboram e produzem, e estas tecnologias s\u00e3o v\u00e1lidas enquanto solu\u00e7\u00f5es para problemas da humanidade, mais ou menos imediatos.\u00a0<\/span><\/p>\n<p><span style=\"font-weight: 400;\">Independente do p\u00fablico, as rela\u00e7\u00f5es comerciais que se estabelecem h\u00e1 alguns anos pressup\u00f5em necessidades, paix\u00f5es e sonhos que precisam ser satisfeitos.\u00a0<\/span><\/p>\n<p><span style=\"font-weight: 400;\">E num momento de crise, al\u00e9m de sonhos com o futuro, as necessidades iminentes s\u00e3o de estabilidade, de v\u00ednculo, de proximidade, de seguran\u00e7a. Tenha isso em conta ao <\/span><a href=\"http:\/\/aboutcom.com.br\/assessoria-de-imprensa-entenda-como-ver-noticias-como-dados-valiosos-para-o-seu-negocio\/\"><span style=\"font-weight: 400;\">projetar-se para os p\u00fablicos externos e consolidar a imagem empresarial<\/span><\/a><span style=\"font-weight: 400;\"> dentro deste contexto.<\/span><\/p>\n","protected":false},"excerpt":{"rendered":"<p>Como a comunica\u00e7\u00e3o humanizada \u00e9 um pilar para superar a crise e gerar seguran\u00e7a<\/p>\n","protected":false},"author":2,"featured_media":882,"comment_status":"open","ping_status":"open","sticky":false,"template":"","format":"standard","meta":{"_acf_changed":false,"inline_featured_image":false,"footnotes":""},"categories":[220,222],"tags":[],"class_list":["post-881","post","type-post","status-publish","format-standard","has-post-thumbnail","hentry","category-conhecimento","category-t2h-conhecimento"],"blocksy_meta":[],"acf":[],"yoast_head":"<!-- This site is optimized with the Yoast SEO plugin v27.5 - https:\/\/yoast.com\/product\/yoast-seo-wordpress\/ -->\n<title>Acenda a luz: dicas para comunicar e para humanizar a gest\u00e3o da crise<\/title>\n<meta name=\"description\" content=\"As crises costumam surgir sem qualquer aviso pr\u00e9vio. Quem est\u00e1 nos cargos de gest\u00e3o sabe que, ainda que existam indicativos para que sejam desenhadas algumas estrat\u00e9gias de conten\u00e7\u00e3o, \u00e9 dif\u00edcil estar totalmente preparado para reduzir os impactos de uma crise de imagem no setor de tecnologia.\u00a0\" \/>\n<meta name=\"robots\" content=\"index, follow, max-snippet:-1, max-image-preview:large, max-video-preview:-1\" \/>\n<link rel=\"canonical\" href=\"https:\/\/aboutcom.com.br\/pt\/acenda-a-luz-dicas-para-comunicar-e-para-humanizar-a-gestao-da-crise\/\" \/>\n<meta property=\"og:locale\" content=\"pt_BR\" \/>\n<meta property=\"og:locale:alternate\" content=\"en_US\" \/>\n<meta property=\"og:locale:alternate\" content=\"es_ES\" \/>\n<meta property=\"og:type\" content=\"article\" \/>\n<meta property=\"og:title\" content=\"Acenda a luz: dicas para comunicar e para humanizar a gest\u00e3o da crise\" \/>\n<meta property=\"og:description\" content=\"As crises costumam surgir sem qualquer aviso pr\u00e9vio. Quem est\u00e1 nos cargos de gest\u00e3o sabe que, ainda que existam indicativos para que sejam desenhadas algumas estrat\u00e9gias de conten\u00e7\u00e3o, \u00e9 dif\u00edcil estar totalmente preparado para reduzir os impactos de uma crise de imagem no setor de tecnologia.\u00a0\" \/>\n<meta property=\"og:url\" content=\"https:\/\/aboutcom.com.br\/pt\/acenda-a-luz-dicas-para-comunicar-e-para-humanizar-a-gestao-da-crise\/\" \/>\n<meta property=\"og:site_name\" content=\"aboutCOM\" \/>\n<meta property=\"article:published_time\" content=\"2020-05-07T17:18:19+00:00\" \/>\n<meta property=\"article:modified_time\" content=\"2025-08-01T13:04:51+00:00\" \/>\n<meta property=\"og:image\" content=\"https:\/\/aboutcom.com.br\/wp-content\/uploads\/2020\/05\/Post_85.jpg\" \/>\n\t<meta property=\"og:image:width\" content=\"300\" \/>\n\t<meta property=\"og:image:height\" content=\"201\" \/>\n\t<meta property=\"og:image:type\" content=\"image\/jpeg\" \/>\n<meta name=\"author\" content=\"Flavia Sobral\" \/>\n<meta name=\"twitter:card\" content=\"summary_large_image\" \/>\n<meta name=\"twitter:label1\" content=\"Escrito por\" \/>\n\t<meta name=\"twitter:data1\" content=\"Flavia Sobral\" \/>\n\t<meta name=\"twitter:label2\" content=\"Est. tempo de leitura\" \/>\n\t<meta name=\"twitter:data2\" content=\"13 minutos\" \/>\n<script type=\"application\/ld+json\" class=\"yoast-schema-graph\">{\"@context\":\"https:\\\/\\\/schema.org\",\"@graph\":[{\"@type\":\"Article\",\"@id\":\"https:\\\/\\\/aboutcom.com.br\\\/pt\\\/acenda-a-luz-dicas-para-comunicar-e-para-humanizar-a-gestao-da-crise\\\/#article\",\"isPartOf\":{\"@id\":\"https:\\\/\\\/aboutcom.com.br\\\/pt\\\/acenda-a-luz-dicas-para-comunicar-e-para-humanizar-a-gestao-da-crise\\\/\"},\"author\":{\"name\":\"Flavia Sobral\",\"@id\":\"https:\\\/\\\/aboutcom.com.br\\\/pt\\\/#\\\/schema\\\/person\\\/eda43d487a8de94df327ff97ce94ab2b\"},\"headline\":\"Acenda a luz: dicas para comunicar e para humanizar a gest\u00e3o da crise\",\"datePublished\":\"2020-05-07T17:18:19+00:00\",\"dateModified\":\"2025-08-01T13:04:51+00:00\",\"mainEntityOfPage\":{\"@id\":\"https:\\\/\\\/aboutcom.com.br\\\/pt\\\/acenda-a-luz-dicas-para-comunicar-e-para-humanizar-a-gestao-da-crise\\\/\"},\"wordCount\":2550,\"commentCount\":0,\"publisher\":{\"@id\":\"https:\\\/\\\/aboutcom.com.br\\\/pt\\\/#organization\"},\"image\":{\"@id\":\"https:\\\/\\\/aboutcom.com.br\\\/pt\\\/acenda-a-luz-dicas-para-comunicar-e-para-humanizar-a-gestao-da-crise\\\/#primaryimage\"},\"thumbnailUrl\":\"https:\\\/\\\/aboutcom.com.br\\\/wp-content\\\/uploads\\\/2020\\\/05\\\/Post_85.jpg\",\"articleSection\":[\"Conhecimento\",\"T2H\"],\"inLanguage\":\"pt-BR\",\"potentialAction\":[{\"@type\":\"CommentAction\",\"name\":\"Comment\",\"target\":[\"https:\\\/\\\/aboutcom.com.br\\\/pt\\\/acenda-a-luz-dicas-para-comunicar-e-para-humanizar-a-gestao-da-crise\\\/#respond\"]}]},{\"@type\":\"WebPage\",\"@id\":\"https:\\\/\\\/aboutcom.com.br\\\/pt\\\/acenda-a-luz-dicas-para-comunicar-e-para-humanizar-a-gestao-da-crise\\\/\",\"url\":\"https:\\\/\\\/aboutcom.com.br\\\/pt\\\/acenda-a-luz-dicas-para-comunicar-e-para-humanizar-a-gestao-da-crise\\\/\",\"name\":\"Acenda a luz: dicas para comunicar e para humanizar a gest\u00e3o da crise\",\"isPartOf\":{\"@id\":\"https:\\\/\\\/aboutcom.com.br\\\/pt\\\/#website\"},\"primaryImageOfPage\":{\"@id\":\"https:\\\/\\\/aboutcom.com.br\\\/pt\\\/acenda-a-luz-dicas-para-comunicar-e-para-humanizar-a-gestao-da-crise\\\/#primaryimage\"},\"image\":{\"@id\":\"https:\\\/\\\/aboutcom.com.br\\\/pt\\\/acenda-a-luz-dicas-para-comunicar-e-para-humanizar-a-gestao-da-crise\\\/#primaryimage\"},\"thumbnailUrl\":\"https:\\\/\\\/aboutcom.com.br\\\/wp-content\\\/uploads\\\/2020\\\/05\\\/Post_85.jpg\",\"datePublished\":\"2020-05-07T17:18:19+00:00\",\"dateModified\":\"2025-08-01T13:04:51+00:00\",\"description\":\"As crises costumam surgir sem qualquer aviso pr\u00e9vio. Quem est\u00e1 nos cargos de gest\u00e3o sabe que, ainda que existam indicativos para que sejam desenhadas algumas estrat\u00e9gias de conten\u00e7\u00e3o, \u00e9 dif\u00edcil estar totalmente preparado para reduzir os impactos de uma crise de imagem no setor de tecnologia.\u00a0\",\"breadcrumb\":{\"@id\":\"https:\\\/\\\/aboutcom.com.br\\\/pt\\\/acenda-a-luz-dicas-para-comunicar-e-para-humanizar-a-gestao-da-crise\\\/#breadcrumb\"},\"inLanguage\":\"pt-BR\",\"potentialAction\":[{\"@type\":\"ReadAction\",\"target\":[\"https:\\\/\\\/aboutcom.com.br\\\/pt\\\/acenda-a-luz-dicas-para-comunicar-e-para-humanizar-a-gestao-da-crise\\\/\"]}]},{\"@type\":\"ImageObject\",\"inLanguage\":\"pt-BR\",\"@id\":\"https:\\\/\\\/aboutcom.com.br\\\/pt\\\/acenda-a-luz-dicas-para-comunicar-e-para-humanizar-a-gestao-da-crise\\\/#primaryimage\",\"url\":\"https:\\\/\\\/aboutcom.com.br\\\/wp-content\\\/uploads\\\/2020\\\/05\\\/Post_85.jpg\",\"contentUrl\":\"https:\\\/\\\/aboutcom.com.br\\\/wp-content\\\/uploads\\\/2020\\\/05\\\/Post_85.jpg\",\"width\":300,\"height\":201},{\"@type\":\"BreadcrumbList\",\"@id\":\"https:\\\/\\\/aboutcom.com.br\\\/pt\\\/acenda-a-luz-dicas-para-comunicar-e-para-humanizar-a-gestao-da-crise\\\/#breadcrumb\",\"itemListElement\":[{\"@type\":\"ListItem\",\"position\":1,\"name\":\"In\u00edcio\",\"item\":\"https:\\\/\\\/aboutcom.com.br\\\/pt\\\/\"},{\"@type\":\"ListItem\",\"position\":2,\"name\":\"Acenda a luz: dicas para comunicar e para humanizar a gest\u00e3o da crise\"}]},{\"@type\":\"WebSite\",\"@id\":\"https:\\\/\\\/aboutcom.com.br\\\/pt\\\/#website\",\"url\":\"https:\\\/\\\/aboutcom.com.br\\\/pt\\\/\",\"name\":\"aboutCOM\",\"description\":\"Especialistas em Comunica\u00e7\u00e3o\",\"publisher\":{\"@id\":\"https:\\\/\\\/aboutcom.com.br\\\/pt\\\/#organization\"},\"potentialAction\":[{\"@type\":\"SearchAction\",\"target\":{\"@type\":\"EntryPoint\",\"urlTemplate\":\"https:\\\/\\\/aboutcom.com.br\\\/pt\\\/?s={search_term_string}\"},\"query-input\":{\"@type\":\"PropertyValueSpecification\",\"valueRequired\":true,\"valueName\":\"search_term_string\"}}],\"inLanguage\":\"pt-BR\"},{\"@type\":\"Organization\",\"@id\":\"https:\\\/\\\/aboutcom.com.br\\\/pt\\\/#organization\",\"name\":\"aboutCOM\",\"url\":\"https:\\\/\\\/aboutcom.com.br\\\/pt\\\/\",\"logo\":{\"@type\":\"ImageObject\",\"inLanguage\":\"pt-BR\",\"@id\":\"https:\\\/\\\/aboutcom.com.br\\\/pt\\\/#\\\/schema\\\/logo\\\/image\\\/\",\"url\":\"https:\\\/\\\/aboutcom.com.br\\\/wp-content\\\/uploads\\\/2025\\\/08\\\/aboutCOM_LOGO-10-scaled.png\",\"contentUrl\":\"https:\\\/\\\/aboutcom.com.br\\\/wp-content\\\/uploads\\\/2025\\\/08\\\/aboutCOM_LOGO-10-scaled.png\",\"width\":2560,\"height\":786,\"caption\":\"aboutCOM\"},\"image\":{\"@id\":\"https:\\\/\\\/aboutcom.com.br\\\/pt\\\/#\\\/schema\\\/logo\\\/image\\\/\"}},{\"@type\":\"Person\",\"@id\":\"https:\\\/\\\/aboutcom.com.br\\\/pt\\\/#\\\/schema\\\/person\\\/eda43d487a8de94df327ff97ce94ab2b\",\"name\":\"Flavia Sobral\",\"image\":{\"@type\":\"ImageObject\",\"inLanguage\":\"pt-BR\",\"@id\":\"https:\\\/\\\/secure.gravatar.com\\\/avatar\\\/3f638d2cc5920783745a25032110d52e087ee6d3339a5aa4b8df1bf799871967?s=96&d=mm&r=g\",\"url\":\"https:\\\/\\\/secure.gravatar.com\\\/avatar\\\/3f638d2cc5920783745a25032110d52e087ee6d3339a5aa4b8df1bf799871967?s=96&d=mm&r=g\",\"contentUrl\":\"https:\\\/\\\/secure.gravatar.com\\\/avatar\\\/3f638d2cc5920783745a25032110d52e087ee6d3339a5aa4b8df1bf799871967?s=96&d=mm&r=g\",\"caption\":\"Flavia Sobral\"},\"url\":\"https:\\\/\\\/aboutcom.com.br\\\/pt\\\/author\\\/flavia\\\/\"}]}<\/script>\n<!-- \/ Yoast SEO plugin. -->","yoast_head_json":{"title":"Acenda a luz: dicas para comunicar e para humanizar a gest\u00e3o da crise","description":"As crises costumam surgir sem qualquer aviso pr\u00e9vio. Quem est\u00e1 nos cargos de gest\u00e3o sabe que, ainda que existam indicativos para que sejam desenhadas algumas estrat\u00e9gias de conten\u00e7\u00e3o, \u00e9 dif\u00edcil estar totalmente preparado para reduzir os impactos de uma crise de imagem no setor de tecnologia.\u00a0","robots":{"index":"index","follow":"follow","max-snippet":"max-snippet:-1","max-image-preview":"max-image-preview:large","max-video-preview":"max-video-preview:-1"},"canonical":"https:\/\/aboutcom.com.br\/pt\/acenda-a-luz-dicas-para-comunicar-e-para-humanizar-a-gestao-da-crise\/","og_locale":"pt_BR","og_type":"article","og_title":"[:pt]Acenda a luz: dicas para comunicar e para humanizar a gest\u00e3o da crise[:en]Acenda a luz: dicas para comunicar e para humanizar a gest\u00e3o da crise[:es]Acenda a luz: dicas para comunicar e para humanizar a gest\u00e3o da crise[:] - aboutCOM","og_description":"As crises costumam surgir sem qualquer aviso pr\u00e9vio. Quem est\u00e1 nos cargos de gest\u00e3o sabe que, ainda que existam indicativos para que sejam desenhadas algumas estrat\u00e9gias de conten\u00e7\u00e3o, \u00e9 dif\u00edcil estar totalmente preparado para reduzir os impactos de uma crise de imagem no setor de tecnologia.\u00a0","og_url":"https:\/\/aboutcom.com.br\/pt\/acenda-a-luz-dicas-para-comunicar-e-para-humanizar-a-gestao-da-crise\/","og_site_name":"aboutCOM","article_published_time":"2020-05-07T17:18:19+00:00","article_modified_time":"2025-08-01T13:04:51+00:00","og_image":[{"width":300,"height":201,"url":"https:\/\/aboutcom.com.br\/wp-content\/uploads\/2020\/05\/Post_85.jpg","type":"image\/jpeg"}],"author":"Flavia Sobral","twitter_card":"summary_large_image","twitter_misc":{"Escrito por":"Flavia Sobral","Est. tempo de leitura":"13 minutos"},"schema":{"@context":"https:\/\/schema.org","@graph":[{"@type":"Article","@id":"https:\/\/aboutcom.com.br\/pt\/acenda-a-luz-dicas-para-comunicar-e-para-humanizar-a-gestao-da-crise\/#article","isPartOf":{"@id":"https:\/\/aboutcom.com.br\/pt\/acenda-a-luz-dicas-para-comunicar-e-para-humanizar-a-gestao-da-crise\/"},"author":{"name":"Flavia Sobral","@id":"https:\/\/aboutcom.com.br\/pt\/#\/schema\/person\/eda43d487a8de94df327ff97ce94ab2b"},"headline":"Acenda a luz: dicas para comunicar e para humanizar a gest\u00e3o da crise","datePublished":"2020-05-07T17:18:19+00:00","dateModified":"2025-08-01T13:04:51+00:00","mainEntityOfPage":{"@id":"https:\/\/aboutcom.com.br\/pt\/acenda-a-luz-dicas-para-comunicar-e-para-humanizar-a-gestao-da-crise\/"},"wordCount":2550,"commentCount":0,"publisher":{"@id":"https:\/\/aboutcom.com.br\/pt\/#organization"},"image":{"@id":"https:\/\/aboutcom.com.br\/pt\/acenda-a-luz-dicas-para-comunicar-e-para-humanizar-a-gestao-da-crise\/#primaryimage"},"thumbnailUrl":"https:\/\/aboutcom.com.br\/wp-content\/uploads\/2020\/05\/Post_85.jpg","articleSection":["Conhecimento","T2H"],"inLanguage":"pt-BR","potentialAction":[{"@type":"CommentAction","name":"Comment","target":["https:\/\/aboutcom.com.br\/pt\/acenda-a-luz-dicas-para-comunicar-e-para-humanizar-a-gestao-da-crise\/#respond"]}]},{"@type":"WebPage","@id":"https:\/\/aboutcom.com.br\/pt\/acenda-a-luz-dicas-para-comunicar-e-para-humanizar-a-gestao-da-crise\/","url":"https:\/\/aboutcom.com.br\/pt\/acenda-a-luz-dicas-para-comunicar-e-para-humanizar-a-gestao-da-crise\/","name":"Acenda a luz: dicas para comunicar e para humanizar a gest\u00e3o da crise","isPartOf":{"@id":"https:\/\/aboutcom.com.br\/pt\/#website"},"primaryImageOfPage":{"@id":"https:\/\/aboutcom.com.br\/pt\/acenda-a-luz-dicas-para-comunicar-e-para-humanizar-a-gestao-da-crise\/#primaryimage"},"image":{"@id":"https:\/\/aboutcom.com.br\/pt\/acenda-a-luz-dicas-para-comunicar-e-para-humanizar-a-gestao-da-crise\/#primaryimage"},"thumbnailUrl":"https:\/\/aboutcom.com.br\/wp-content\/uploads\/2020\/05\/Post_85.jpg","datePublished":"2020-05-07T17:18:19+00:00","dateModified":"2025-08-01T13:04:51+00:00","description":"As crises costumam surgir sem qualquer aviso pr\u00e9vio. Quem est\u00e1 nos cargos de gest\u00e3o sabe que, ainda que existam indicativos para que sejam desenhadas algumas estrat\u00e9gias de conten\u00e7\u00e3o, \u00e9 dif\u00edcil estar totalmente preparado para reduzir os impactos de uma crise de imagem no setor de tecnologia.\u00a0","breadcrumb":{"@id":"https:\/\/aboutcom.com.br\/pt\/acenda-a-luz-dicas-para-comunicar-e-para-humanizar-a-gestao-da-crise\/#breadcrumb"},"inLanguage":"pt-BR","potentialAction":[{"@type":"ReadAction","target":["https:\/\/aboutcom.com.br\/pt\/acenda-a-luz-dicas-para-comunicar-e-para-humanizar-a-gestao-da-crise\/"]}]},{"@type":"ImageObject","inLanguage":"pt-BR","@id":"https:\/\/aboutcom.com.br\/pt\/acenda-a-luz-dicas-para-comunicar-e-para-humanizar-a-gestao-da-crise\/#primaryimage","url":"https:\/\/aboutcom.com.br\/wp-content\/uploads\/2020\/05\/Post_85.jpg","contentUrl":"https:\/\/aboutcom.com.br\/wp-content\/uploads\/2020\/05\/Post_85.jpg","width":300,"height":201},{"@type":"BreadcrumbList","@id":"https:\/\/aboutcom.com.br\/pt\/acenda-a-luz-dicas-para-comunicar-e-para-humanizar-a-gestao-da-crise\/#breadcrumb","itemListElement":[{"@type":"ListItem","position":1,"name":"In\u00edcio","item":"https:\/\/aboutcom.com.br\/pt\/"},{"@type":"ListItem","position":2,"name":"Acenda a luz: dicas para comunicar e para humanizar a gest\u00e3o da crise"}]},{"@type":"WebSite","@id":"https:\/\/aboutcom.com.br\/pt\/#website","url":"https:\/\/aboutcom.com.br\/pt\/","name":"aboutCOM","description":"Especialistas em Comunica\u00e7\u00e3o","publisher":{"@id":"https:\/\/aboutcom.com.br\/pt\/#organization"},"potentialAction":[{"@type":"SearchAction","target":{"@type":"EntryPoint","urlTemplate":"https:\/\/aboutcom.com.br\/pt\/?s={search_term_string}"},"query-input":{"@type":"PropertyValueSpecification","valueRequired":true,"valueName":"search_term_string"}}],"inLanguage":"pt-BR"},{"@type":"Organization","@id":"https:\/\/aboutcom.com.br\/pt\/#organization","name":"aboutCOM","url":"https:\/\/aboutcom.com.br\/pt\/","logo":{"@type":"ImageObject","inLanguage":"pt-BR","@id":"https:\/\/aboutcom.com.br\/pt\/#\/schema\/logo\/image\/","url":"https:\/\/aboutcom.com.br\/wp-content\/uploads\/2025\/08\/aboutCOM_LOGO-10-scaled.png","contentUrl":"https:\/\/aboutcom.com.br\/wp-content\/uploads\/2025\/08\/aboutCOM_LOGO-10-scaled.png","width":2560,"height":786,"caption":"aboutCOM"},"image":{"@id":"https:\/\/aboutcom.com.br\/pt\/#\/schema\/logo\/image\/"}},{"@type":"Person","@id":"https:\/\/aboutcom.com.br\/pt\/#\/schema\/person\/eda43d487a8de94df327ff97ce94ab2b","name":"Flavia Sobral","image":{"@type":"ImageObject","inLanguage":"pt-BR","@id":"https:\/\/secure.gravatar.com\/avatar\/3f638d2cc5920783745a25032110d52e087ee6d3339a5aa4b8df1bf799871967?s=96&d=mm&r=g","url":"https:\/\/secure.gravatar.com\/avatar\/3f638d2cc5920783745a25032110d52e087ee6d3339a5aa4b8df1bf799871967?s=96&d=mm&r=g","contentUrl":"https:\/\/secure.gravatar.com\/avatar\/3f638d2cc5920783745a25032110d52e087ee6d3339a5aa4b8df1bf799871967?s=96&d=mm&r=g","caption":"Flavia Sobral"},"url":"https:\/\/aboutcom.com.br\/pt\/author\/flavia\/"}]}},"_links":{"self":[{"href":"https:\/\/aboutcom.com.br\/pt\/wp-json\/wp\/v2\/posts\/881","targetHints":{"allow":["GET"]}}],"collection":[{"href":"https:\/\/aboutcom.com.br\/pt\/wp-json\/wp\/v2\/posts"}],"about":[{"href":"https:\/\/aboutcom.com.br\/pt\/wp-json\/wp\/v2\/types\/post"}],"author":[{"embeddable":true,"href":"https:\/\/aboutcom.com.br\/pt\/wp-json\/wp\/v2\/users\/2"}],"replies":[{"embeddable":true,"href":"https:\/\/aboutcom.com.br\/pt\/wp-json\/wp\/v2\/comments?post=881"}],"version-history":[{"count":5,"href":"https:\/\/aboutcom.com.br\/pt\/wp-json\/wp\/v2\/posts\/881\/revisions"}],"predecessor-version":[{"id":1115,"href":"https:\/\/aboutcom.com.br\/pt\/wp-json\/wp\/v2\/posts\/881\/revisions\/1115"}],"wp:featuredmedia":[{"embeddable":true,"href":"https:\/\/aboutcom.com.br\/pt\/wp-json\/wp\/v2\/media\/882"}],"wp:attachment":[{"href":"https:\/\/aboutcom.com.br\/pt\/wp-json\/wp\/v2\/media?parent=881"}],"wp:term":[{"taxonomy":"category","embeddable":true,"href":"https:\/\/aboutcom.com.br\/pt\/wp-json\/wp\/v2\/categories?post=881"},{"taxonomy":"post_tag","embeddable":true,"href":"https:\/\/aboutcom.com.br\/pt\/wp-json\/wp\/v2\/tags?post=881"}],"curies":[{"name":"wp","href":"https:\/\/api.w.org\/{rel}","templated":true}]}}